{"id":97019,"date":"2025-06-23T10:00:00","date_gmt":"2025-06-23T08:00:00","guid":{"rendered":"https:\/\/nsk.hr\/?p=97019"},"modified":"2025-11-28T13:36:57","modified_gmt":"2025-11-28T12:36:57","slug":"faust-vrancic-the-croatian-leonardo-da-vinci-exhibition-on-view-by-25-jul-2025","status":"publish","type":"post","link":"https:\/\/nsk.hr\/en\/events\/faust-vrancic-the-croatian-leonardo-da-vinci-exhibition-on-view-by-25-jul-2025\/","title":{"rendered":"\u201cFaust Vran\u010di\u0107 \u2013 the Croatian Leonardo da Vinci\u201d exhibition on view by 25 Jul 2025"},"content":{"rendered":"\n<p class=\"is-style-lead\">Visit the exhibition which the National and University Library in Zagreb (NSK) prepared in cooperation with the <a href=\"https:\/\/www.info.hazu.hr\/en\/\">Croatian Academy of Sciences and Arts (HAZU)<\/a> to mark the 410<sup>th<\/sup> anniversary of the publication of <em><a href=\"https:\/\/digitalna.nsk.hr\/?pr=iiif.v.a&amp;id=10469&amp;vwopt=%7B%22view%22%3A%22thumbnails%22%7D\">Machinae novae<\/a><\/em>, a breakthrough work by a remarkable Croatian scholar at the turn of the 17<sup>th<\/sup> century <a href=\"https:\/\/virtualna.nsk.hr\/vrancic\/en\/\">Faust Vran\u010di\u0107<\/a> (1551-1617).<\/p>\n\n\n\n<p>Authored by the Senior Research Associate at the Division for the History of Natural and Mathematical Sciences at the Academy\u2019s <a href=\"https:\/\/www.info.hazu.hr\/en\/jedinice\/zavod-za-povijest-i-filozofiju-znanosti\/\">Institute for the History and Philosophy of Science<\/a>&nbsp;Dr Marijana Bori\u0107 and remaining on view by 25 July 2025, the exhibition sheds light on the life and achievements of a distinguished Croatian humanist, diplomat and bishop Faust Vran\u010di\u0107 (Faustus Verantius).<\/p>\n\n\n\n<h2 class=\"wp-block-heading\"><strong>\u201cThe Croatian Leonardo da Vinci\u201d<\/strong><\/h2>\n\n\n\n<p>Above all famous for his visionary ideas, Vran\u010di\u0107 was the epitome of the ability and versatility of \u201cthe Renaissance man\u201d. A true <em>homo universalis<\/em>, he was an inventor, engineer, writer of technical treatises and lexicographer, as well as the author of works in the fields of philosophy, literature and historiography. Owing to his having been highly accomplished in such a wide range of areas, he has rightfully been dubbed \u201cthe Croatian Leonardo da Vinci\u201d.<\/p>\n\n\n\n<h2 class=\"wp-block-heading\"><strong><em>Machinae novae<\/em><\/strong><strong> \u2013 a gem of European 17<sup>th<\/sup>-century technical literature<\/strong><\/h2>\n\n\n\n<p><em><a href=\"https:\/\/digitalna.nsk.hr\/?pr=iiif.v.a&amp;id=10469&amp;vwopt=%7B%22view%22%3A%22thumbnails%22%7D\">Machinae novae<\/a><\/em> (Venice, 1615\/16), Vran\u010di\u0107\u2019s major work, enriched the tradition of technical literature of the Renaissance period not only by introducing entirely new ideas, but by presenting numerous improvements which perfected the performance and advanced the functionality of the already existing constructions and devices.<\/p>\n\n\n\n<p>Especially impressive is that some of Vran\u010di\u0107\u2019s advanced ideas such as the metal bridge, chain suspension bridge, parachute, aerial lift and shock absorbers are still widely applied with only minimal modifications, despite more than four centuries of rapid technological development that followed after Vran\u010di\u0107 published his progressive designs.<\/p>\n\n\n\n<figure class=\"wp-block-image size-large\"><img decoding=\"async\" width=\"759\" height=\"1024\" data-src=\"https:\/\/nsk.hr\/wp-content\/uploads\/2025\/07\/Faust-Vrancic_Machinae-novae_Homo-volans-759x1024.png\" alt=\"\u201cHomo volans\u201d, design for the parachute by Faust Vran\u010di\u0107. \" class=\"wp-image-97020 lazyload\" data-srcset=\"https:\/\/nsk.hr\/wp-content\/uploads\/2025\/07\/Faust-Vrancic_Machinae-novae_Homo-volans-759x1024.png 759w, https:\/\/nsk.hr\/wp-content\/uploads\/2025\/07\/Faust-Vrancic_Machinae-novae_Homo-volans-222x300.png 222w, https:\/\/nsk.hr\/wp-content\/uploads\/2025\/07\/Faust-Vrancic_Machinae-novae_Homo-volans-768x1036.png 768w, https:\/\/nsk.hr\/wp-content\/uploads\/2025\/07\/Faust-Vrancic_Machinae-novae_Homo-volans-801x1080.png 801w, https:\/\/nsk.hr\/wp-content\/uploads\/2025\/07\/Faust-Vrancic_Machinae-novae_Homo-volans.png 802w\" data-sizes=\"(max-width: 759px) 100vw, 759px\" src=\"data:image\/svg+xml;base64,PHN2ZyB3aWR0aD0iMSIgaGVpZ2h0PSIxIiB4bWxucz0iaHR0cDovL3d3dy53My5vcmcvMjAwMC9zdmciPjwvc3ZnPg==\" style=\"--smush-placeholder-width: 759px; --smush-placeholder-aspect-ratio: 759\/1024;\" \/><figcaption class=\"wp-element-caption\"><em>Homo volans<\/em>, in <em><a href=\"https:\/\/digitalna.nsk.hr\/?pr=iiif.v.a&amp;id=10469&amp;vwopt=%7B%22pages%22%3A%5B143%5D%2C%22view%22%3A%22thumbnails%22%7D\">Machina novae<\/a><\/em> (Venice, 1615\/16), <a href=\"https:\/\/nsk.hr\/en\/nsk-collections\/nsk-manuscripts-and-old-books-collection\/\">NSK Manuscripts and Rare Books Collection<\/a>. A print accompanying Vran\u010di\u0107\u2019s description of the parachute, the first such published technical description in the history of technical literature.<\/figcaption><\/figure>\n\n\n\n<p>The exhibition has been organized as part of <em><a href=\"https:\/\/nsk.hr\/en\/news\/heritage-at-hand-at-croatrium-opens-with-medieval-maps-of-croatia-in-the-spotlight\/\">Heritage at Hand at CroAtrium<\/a><\/em>, the Library\u2019s 2025 programme aimed at the popularisation of Croatian cultural heritage which it preserves as part of&nbsp;<a href=\"https:\/\/nsk.hr\/en\/nsk-collections\/croatica-croatias-national-library-collection\/\">Croatica<\/a>, Croatia\u2019s national library collection.<\/p>\n","protected":false},"excerpt":{"rendered":"<p>Visit the exhibition which the National and University Library in Zagreb (NSK) prepared in cooperation with the Croatian Academy of Sciences and Arts (HAZU)&#8230;<\/p>\n","protected":false},"author":11,"featured_media":97026,"comment_status":"closed","ping_status":"open","sticky":false,"template":"","format":"standard","meta":{"_acf_changed":false,"ngg_post_thumbnail":0,"footnotes":""},"categories":[158,166],"tags":[862,365,929,871,978,930,980],"class_list":["post-97019","post","type-post","status-publish","format-standard","has-post-thumbnail","hentry","category-events","category-news","tag-croatrium","tag-exhibition","tag-faust-vrancic-2","tag-heritage","tag-heritage-at-hand-at-croatrium","tag-machinae-novae-2","tag-nsk-events"],"acf":[],"yoast_head":"<!-- This site is optimized with the Yoast SEO plugin v25.4 - https:\/\/yoast.com\/wordpress\/plugins\/seo\/ -->\n<title>\u201cFaust Vran\u010di\u0107 \u2013 the Croatian Leonardo da Vinci\u201d exhibition on view by 25 Jul 2025 - Nacionalna i sveu\u010dili\u0161na knji\u017enica u Zagrebu<\/title>\n<meta name=\"description\" content=\"Between 30 June and 25 July 2025, the National and University Library in Zagreb (NSK) is hosting an exhibition which it prepared in cooperation with the Croatian Academy of Sciences and Arts (HAZU) to mark the 410th anniversary of the publication of \u201cMachinae novae\u201d, a breakthrough work by a remarkable Croatian scholar at the turn of the 17th century Faust Vran\u010di\u0107 (Faustus Verantius).\" \/>\n<meta name=\"robots\" content=\"index, follow, max-snippet:-1, max-image-preview:large, max-video-preview:-1\" \/>\n<link rel=\"canonical\" href=\"https:\/\/nsk.hr\/en\/events\/faust-vrancic-the-croatian-leonardo-da-vinci-exhibition-on-view-by-25-jul-2025\/\" \/>\n<meta property=\"og:locale\" content=\"en_US\" \/>\n<meta property=\"og:type\" content=\"article\" \/>\n<meta property=\"og:title\" content=\"\u201cFaust Vran\u010di\u0107 \u2013 the Croatian Leonardo da Vinci\u201d exhibition on view by 25 Jul 2025 - Nacionalna i sveu\u010dili\u0161na knji\u017enica u Zagrebu\" \/>\n<meta property=\"og:description\" content=\"Between 30 June and 25 July 2025, the National and University Library in Zagreb (NSK) is hosting an exhibition which it prepared in cooperation with the Croatian Academy of Sciences and Arts (HAZU) to mark the 410th anniversary of the publication of \u201cMachinae novae\u201d, a breakthrough work by a remarkable Croatian scholar at the turn of the 17th century Faust Vran\u010di\u0107 (Faustus Verantius).\" \/>\n<meta property=\"og:url\" content=\"https:\/\/nsk.hr\/en\/events\/faust-vrancic-the-croatian-leonardo-da-vinci-exhibition-on-view-by-25-jul-2025\/\" \/>\n<meta property=\"og:site_name\" content=\"Nacionalna i sveu\u010dili\u0161na knji\u017enica u Zagrebu\" \/>\n<meta property=\"article:published_time\" content=\"2025-06-23T08:00:00+00:00\" \/>\n<meta property=\"article:modified_time\" content=\"2025-11-28T12:36:57+00:00\" \/>\n<meta property=\"og:image\" content=\"https:\/\/nsk.hr\/wp-content\/uploads\/2025\/06\/Faust-Vrancic-2025-NSK-exhibition_featured.png\" \/>\n\t<meta property=\"og:image:width\" content=\"876\" \/>\n\t<meta property=\"og:image:height\" content=\"558\" \/>\n\t<meta property=\"og:image:type\" content=\"image\/png\" \/>\n<meta name=\"author\" content=\"dlasic\" \/>\n<meta name=\"twitter:card\" content=\"summary_large_image\" \/>\n<meta name=\"twitter:label1\" content=\"Written by\" \/>\n\t<meta name=\"twitter:data1\" content=\"dlasic\" \/>\n\t<meta name=\"twitter:label2\" content=\"Est. reading time\" \/>\n\t<meta name=\"twitter:data2\" content=\"3 minutes\" \/>\n<script type=\"application\/ld+json\" class=\"yoast-schema-graph\">{\"@context\":\"https:\/\/schema.org\",\"@graph\":[{\"@type\":\"WebPage\",\"@id\":\"https:\/\/nsk.hr\/en\/events\/faust-vrancic-the-croatian-leonardo-da-vinci-exhibition-on-view-by-25-jul-2025\/\",\"url\":\"https:\/\/nsk.hr\/en\/events\/faust-vrancic-the-croatian-leonardo-da-vinci-exhibition-on-view-by-25-jul-2025\/\",\"name\":\"\u201cFaust Vran\u010di\u0107 \u2013 the Croatian Leonardo da Vinci\u201d exhibition on view by 25 Jul 2025 - Nacionalna i sveu\u010dili\u0161na knji\u017enica u Zagrebu\",\"isPartOf\":{\"@id\":\"https:\/\/nsk.hr\/en\/#website\"},\"primaryImageOfPage\":{\"@id\":\"https:\/\/nsk.hr\/en\/events\/faust-vrancic-the-croatian-leonardo-da-vinci-exhibition-on-view-by-25-jul-2025\/#primaryimage\"},\"image\":{\"@id\":\"https:\/\/nsk.hr\/en\/events\/faust-vrancic-the-croatian-leonardo-da-vinci-exhibition-on-view-by-25-jul-2025\/#primaryimage\"},\"thumbnailUrl\":\"https:\/\/nsk.hr\/wp-content\/uploads\/2025\/06\/Faust-Vrancic-2025-NSK-exhibition_featured.png\",\"datePublished\":\"2025-06-23T08:00:00+00:00\",\"dateModified\":\"2025-11-28T12:36:57+00:00\",\"author\":{\"@id\":\"https:\/\/nsk.hr\/en\/#\/schema\/person\/ac622a1e175d155b5815b190a18ed8bd\"},\"description\":\"Between 30 June and 25 July 2025, the National and University Library in Zagreb (NSK) is hosting an exhibition which it prepared in cooperation with the Croatian Academy of Sciences and Arts (HAZU) to mark the 410th anniversary of the publication of \u201cMachinae novae\u201d, a breakthrough work by a remarkable Croatian scholar at the turn of the 17th century Faust Vran\u010di\u0107 (Faustus Verantius).\",\"breadcrumb\":{\"@id\":\"https:\/\/nsk.hr\/en\/events\/faust-vrancic-the-croatian-leonardo-da-vinci-exhibition-on-view-by-25-jul-2025\/#breadcrumb\"},\"inLanguage\":\"en-US\",\"potentialAction\":[{\"@type\":\"ReadAction\",\"target\":[\"https:\/\/nsk.hr\/en\/events\/faust-vrancic-the-croatian-leonardo-da-vinci-exhibition-on-view-by-25-jul-2025\/\"]}]},{\"@type\":\"ImageObject\",\"inLanguage\":\"en-US\",\"@id\":\"https:\/\/nsk.hr\/en\/events\/faust-vrancic-the-croatian-leonardo-da-vinci-exhibition-on-view-by-25-jul-2025\/#primaryimage\",\"url\":\"https:\/\/nsk.hr\/wp-content\/uploads\/2025\/06\/Faust-Vrancic-2025-NSK-exhibition_featured.png\",\"contentUrl\":\"https:\/\/nsk.hr\/wp-content\/uploads\/2025\/06\/Faust-Vrancic-2025-NSK-exhibition_featured.png\",\"width\":876,\"height\":558,\"caption\":\"The visual identity of the \u201cFaust Vran\u010di\u0107 \u2013 the Croatian Leonardo da Vinci\u201d exhibition.\"},{\"@type\":\"BreadcrumbList\",\"@id\":\"https:\/\/nsk.hr\/en\/events\/faust-vrancic-the-croatian-leonardo-da-vinci-exhibition-on-view-by-25-jul-2025\/#breadcrumb\",\"itemListElement\":[{\"@type\":\"ListItem\",\"position\":1,\"name\":\"Homepage\",\"item\":\"https:\/\/nsk.hr\/en\/\"},{\"@type\":\"ListItem\",\"position\":2,\"name\":\"Events\",\"item\":\"https:\/\/nsk.hr\/en\/events\/\"},{\"@type\":\"ListItem\",\"position\":3,\"name\":\"\u201cFaust Vran\u010di\u0107 \u2013 the Croatian Leonardo da Vinci\u201d exhibition on view by 25 Jul 2025\"}]},{\"@type\":\"WebSite\",\"@id\":\"https:\/\/nsk.hr\/en\/#website\",\"url\":\"https:\/\/nsk.hr\/en\/\",\"name\":\"Nacionalna i sveu\u010dili\u0161na knji\u017enica u Zagrebu\",\"description\":\"\",\"potentialAction\":[{\"@type\":\"SearchAction\",\"target\":{\"@type\":\"EntryPoint\",\"urlTemplate\":\"https:\/\/nsk.hr\/en\/?s={search_term_string}\"},\"query-input\":{\"@type\":\"PropertyValueSpecification\",\"valueRequired\":true,\"valueName\":\"search_term_string\"}}],\"inLanguage\":\"en-US\"},{\"@type\":\"Person\",\"@id\":\"https:\/\/nsk.hr\/en\/#\/schema\/person\/ac622a1e175d155b5815b190a18ed8bd\",\"name\":\"dlasic\",\"url\":\"https:\/\/nsk.hr\/en\/author\/dlasic\/\"}]}<\/script>\n<!-- \/ Yoast SEO plugin. -->","yoast_head_json":{"title":"\u201cFaust Vran\u010di\u0107 \u2013 the Croatian Leonardo da Vinci\u201d exhibition on view by 25 Jul 2025 - Nacionalna i sveu\u010dili\u0161na knji\u017enica u Zagrebu","description":"Between 30 June and 25 July 2025, the National and University Library in Zagreb (NSK) is hosting an exhibition which it prepared in cooperation with the Croatian Academy of Sciences and Arts (HAZU) to mark the 410th anniversary of the publication of \u201cMachinae novae\u201d, a breakthrough work by a remarkable Croatian scholar at the turn of the 17th century Faust Vran\u010di\u0107 (Faustus Verantius).","robots":{"index":"index","follow":"follow","max-snippet":"max-snippet:-1","max-image-preview":"max-image-preview:large","max-video-preview":"max-video-preview:-1"},"canonical":"https:\/\/nsk.hr\/en\/events\/faust-vrancic-the-croatian-leonardo-da-vinci-exhibition-on-view-by-25-jul-2025\/","og_locale":"en_US","og_type":"article","og_title":"\u201cFaust Vran\u010di\u0107 \u2013 the Croatian Leonardo da Vinci\u201d exhibition on view by 25 Jul 2025 - Nacionalna i sveu\u010dili\u0161na knji\u017enica u Zagrebu","og_description":"Between 30 June and 25 July 2025, the National and University Library in Zagreb (NSK) is hosting an exhibition which it prepared in cooperation with the Croatian Academy of Sciences and Arts (HAZU) to mark the 410th anniversary of the publication of \u201cMachinae novae\u201d, a breakthrough work by a remarkable Croatian scholar at the turn of the 17th century Faust Vran\u010di\u0107 (Faustus Verantius).","og_url":"https:\/\/nsk.hr\/en\/events\/faust-vrancic-the-croatian-leonardo-da-vinci-exhibition-on-view-by-25-jul-2025\/","og_site_name":"Nacionalna i sveu\u010dili\u0161na knji\u017enica u Zagrebu","article_published_time":"2025-06-23T08:00:00+00:00","article_modified_time":"2025-11-28T12:36:57+00:00","og_image":[{"width":876,"height":558,"url":"https:\/\/nsk.hr\/wp-content\/uploads\/2025\/06\/Faust-Vrancic-2025-NSK-exhibition_featured.png","type":"image\/png"}],"author":"dlasic","twitter_card":"summary_large_image","twitter_misc":{"Written by":"dlasic","Est. reading time":"3 minutes"},"schema":{"@context":"https:\/\/schema.org","@graph":[{"@type":"WebPage","@id":"https:\/\/nsk.hr\/en\/events\/faust-vrancic-the-croatian-leonardo-da-vinci-exhibition-on-view-by-25-jul-2025\/","url":"https:\/\/nsk.hr\/en\/events\/faust-vrancic-the-croatian-leonardo-da-vinci-exhibition-on-view-by-25-jul-2025\/","name":"\u201cFaust Vran\u010di\u0107 \u2013 the Croatian Leonardo da Vinci\u201d exhibition on view by 25 Jul 2025 - Nacionalna i sveu\u010dili\u0161na knji\u017enica u Zagrebu","isPartOf":{"@id":"https:\/\/nsk.hr\/en\/#website"},"primaryImageOfPage":{"@id":"https:\/\/nsk.hr\/en\/events\/faust-vrancic-the-croatian-leonardo-da-vinci-exhibition-on-view-by-25-jul-2025\/#primaryimage"},"image":{"@id":"https:\/\/nsk.hr\/en\/events\/faust-vrancic-the-croatian-leonardo-da-vinci-exhibition-on-view-by-25-jul-2025\/#primaryimage"},"thumbnailUrl":"https:\/\/nsk.hr\/wp-content\/uploads\/2025\/06\/Faust-Vrancic-2025-NSK-exhibition_featured.png","datePublished":"2025-06-23T08:00:00+00:00","dateModified":"2025-11-28T12:36:57+00:00","author":{"@id":"https:\/\/nsk.hr\/en\/#\/schema\/person\/ac622a1e175d155b5815b190a18ed8bd"},"description":"Between 30 June and 25 July 2025, the National and University Library in Zagreb (NSK) is hosting an exhibition which it prepared in cooperation with the Croatian Academy of Sciences and Arts (HAZU) to mark the 410th anniversary of the publication of \u201cMachinae novae\u201d, a breakthrough work by a remarkable Croatian scholar at the turn of the 17th century Faust Vran\u010di\u0107 (Faustus Verantius).","breadcrumb":{"@id":"https:\/\/nsk.hr\/en\/events\/faust-vrancic-the-croatian-leonardo-da-vinci-exhibition-on-view-by-25-jul-2025\/#breadcrumb"},"inLanguage":"en-US","potentialAction":[{"@type":"ReadAction","target":["https:\/\/nsk.hr\/en\/events\/faust-vrancic-the-croatian-leonardo-da-vinci-exhibition-on-view-by-25-jul-2025\/"]}]},{"@type":"ImageObject","inLanguage":"en-US","@id":"https:\/\/nsk.hr\/en\/events\/faust-vrancic-the-croatian-leonardo-da-vinci-exhibition-on-view-by-25-jul-2025\/#primaryimage","url":"https:\/\/nsk.hr\/wp-content\/uploads\/2025\/06\/Faust-Vrancic-2025-NSK-exhibition_featured.png","contentUrl":"https:\/\/nsk.hr\/wp-content\/uploads\/2025\/06\/Faust-Vrancic-2025-NSK-exhibition_featured.png","width":876,"height":558,"caption":"The visual identity of the \u201cFaust Vran\u010di\u0107 \u2013 the Croatian Leonardo da Vinci\u201d exhibition."},{"@type":"BreadcrumbList","@id":"https:\/\/nsk.hr\/en\/events\/faust-vrancic-the-croatian-leonardo-da-vinci-exhibition-on-view-by-25-jul-2025\/#breadcrumb","itemListElement":[{"@type":"ListItem","position":1,"name":"Homepage","item":"https:\/\/nsk.hr\/en\/"},{"@type":"ListItem","position":2,"name":"Events","item":"https:\/\/nsk.hr\/en\/events\/"},{"@type":"ListItem","position":3,"name":"\u201cFaust Vran\u010di\u0107 \u2013 the Croatian Leonardo da Vinci\u201d exhibition on view by 25 Jul 2025"}]},{"@type":"WebSite","@id":"https:\/\/nsk.hr\/en\/#website","url":"https:\/\/nsk.hr\/en\/","name":"Nacionalna i sveu\u010dili\u0161na knji\u017enica u Zagrebu","description":"","potentialAction":[{"@type":"SearchAction","target":{"@type":"EntryPoint","urlTemplate":"https:\/\/nsk.hr\/en\/?s={search_term_string}"},"query-input":{"@type":"PropertyValueSpecification","valueRequired":true,"valueName":"search_term_string"}}],"inLanguage":"en-US"},{"@type":"Person","@id":"https:\/\/nsk.hr\/en\/#\/schema\/person\/ac622a1e175d155b5815b190a18ed8bd","name":"dlasic","url":"https:\/\/nsk.hr\/en\/author\/dlasic\/"}]}},"_links":{"self":[{"href":"https:\/\/nsk.hr\/en\/wp-json\/wp\/v2\/posts\/97019","targetHints":{"allow":["GET"]}}],"collection":[{"href":"https:\/\/nsk.hr\/en\/wp-json\/wp\/v2\/posts"}],"about":[{"href":"https:\/\/nsk.hr\/en\/wp-json\/wp\/v2\/types\/post"}],"author":[{"embeddable":true,"href":"https:\/\/nsk.hr\/en\/wp-json\/wp\/v2\/users\/11"}],"replies":[{"embeddable":true,"href":"https:\/\/nsk.hr\/en\/wp-json\/wp\/v2\/comments?post=97019"}],"version-history":[{"count":8,"href":"https:\/\/nsk.hr\/en\/wp-json\/wp\/v2\/posts\/97019\/revisions"}],"predecessor-version":[{"id":99053,"href":"https:\/\/nsk.hr\/en\/wp-json\/wp\/v2\/posts\/97019\/revisions\/99053"}],"wp:featuredmedia":[{"embeddable":true,"href":"https:\/\/nsk.hr\/en\/wp-json\/wp\/v2\/media\/97026"}],"wp:attachment":[{"href":"https:\/\/nsk.hr\/en\/wp-json\/wp\/v2\/media?parent=97019"}],"wp:term":[{"taxonomy":"category","embeddable":true,"href":"https:\/\/nsk.hr\/en\/wp-json\/wp\/v2\/categories?post=97019"},{"taxonomy":"post_tag","embeddable":true,"href":"https:\/\/nsk.hr\/en\/wp-json\/wp\/v2\/tags?post=97019"}],"curies":[{"name":"wp","href":"https:\/\/api.w.org\/{rel}","templated":true}]}}