{"id":96899,"date":"2025-06-17T11:48:08","date_gmt":"2025-06-17T09:48:08","guid":{"rendered":"https:\/\/nsk.hr\/?p=96899"},"modified":"2025-09-18T12:53:54","modified_gmt":"2025-09-18T10:53:54","slug":"nsk-again-part-of-miroslav-krleza-festival","status":"publish","type":"post","link":"https:\/\/nsk.hr\/en\/events\/nsk-again-part-of-miroslav-krleza-festival\/","title":{"rendered":"NSK again part of Miroslav Krle\u017ea Festival"},"content":{"rendered":"\n<p class=\"is-style-lead\">On 2 July 2025, at 12.00, the National and University Library in Zagreb (NSK) will host a special programme as part of the <a href=\"https:\/\/www.facebook.com\/festivalmiroslavkrleza?locale=hr_HR\">14<sup>th<\/sup> Miroslav Krle\u017ea Festival<\/a>, the 2025 edition of the annual cultural festival commemorating <a href=\"https:\/\/www.britannica.com\/biography\/Miroslav-Krleza\">Miroslav Krle\u017ea (1893-1981)<\/a>, the giant of Croatia\u2019s 20<sup>th<\/sup>-century literature and one of its greatest minds.<\/p>\n\n\n\n<p>The Festival, which will this year be taking place from 28 June to 7 July, will once more bring together the leading authorities on Krle\u017ea and Krle\u017ea enthusiasts of various profiles and certainly create new Krle\u017ea\u2019s readers through its <a href=\"https:\/\/www.facebook.com\/festivalmiroslavkrleza\/posts\/pfbid022MZBitbJQxzyTsCz3bwcoMv6nPUhuFrwaJ1R19SeiRDMyUSUvwui5221drCUZSJZl\">rich programme<\/a>. Apart from several venues in Zagreb, the Festival\u2019s map this year will also include Koprivnica, whose museum will host part of the Festival.<\/p>\n\n\n\n<h2 class=\"wp-block-heading\"><strong>\u201cA living monument to Krle\u017ea\u201d<\/strong><\/h2>\n\n\n\n<p>In presenting this year\u2019s Festival, its founder, author and director Goran Matovi\u0107 announced the staging of several Krle\u017ea\u2019s works, an exhibition, roundtable and other festival events. Traditionally spotlighting Krle\u017ea as an always relevant author, the Festival is this year placing particular focus on the centenary of the publication of his travelogue <em><a href=\"https:\/\/mvinfo.hr\/knjiga\/12136\/journey-to-russia\">Journey to Russia<\/a><\/em>, whose staging at the Zagreb <a href=\"https:\/\/www.alu.unizg.hr\/alu\/cms\/front_content.php?idcat=369&amp;changelang=3&amp;lang=3\">Academy of Fine Arts<\/a> will open the Festival.<\/p>\n\n\n\n<p>Along with the main programme at the Academy and the <a href=\"https:\/\/zagrebackiplesnicentar.hr\/en\/\">Zagreb Dance Centre<\/a>, the Festival events will also be taking place at the <a href=\"http:\/\/www.arhiv.hr\/en-gb\/\">Croatian State Archives<\/a>, <a href=\"https:\/\/www.instagram.com\/galerija_josip.racic\/\">Josip Ra\u010di\u0107 Modern Gallery<\/a>, Koprivnica Museum and, of course, at NSK, the Festival\u2019s partner since its inception.<\/p>\n\n\n\n<h2 class=\"wp-block-heading\"><strong>A get-together and exhibition showcasing Krle\u017ea\u2019s manuscripts <\/strong><\/h2>\n\n\n\n<p>With the exhibition of Krle\u017ea\u2019s manuscripts preserved as part of its <a href=\"https:\/\/nsk.hr\/en\/nsk-holdings\/\">holdings<\/a>, NSK will again join the Festival in honouring Krle\u017ea as the leading figure of Croatian modern literature, a partaker in and astute chronicler of the turbulent events of the 20<sup>th<\/sup> century and the initiator of various cultural initiatives.<\/p>\n\n\n\n<p>Featuring Krle\u017ea\u2019s manuscripts preserved at NSK according to his own express wish, the exhibition and the accompanying get-together will reveal new details about the life and work of this canonical Croatian writer, noted for his always loud, clear and uncompromising denunciation of all ideologies and phenomena detrimental to society and the individual human being.<\/p>\n\n\n\n<p>Apart from the Festival\u2019s Director Goran Matovi\u0107 and Head of the <a href=\"https:\/\/nsk.hr\/en\/nsk-collections\/nsk-manuscripts-and-old-books-collection\/\">NSK Manuscripts and Rare Books Collection<\/a> Dr Irena Gali\u0107 Be\u0161ker, other participants in the get-together will be Professor Lada \u010cale Feldman from the Zagreb <a href=\"https:\/\/web2020.ffzg.unizg.hr\/international\/about-fhss\/\">Faculty of Humanities and Social Sciences<\/a>, Dr Suzana Marjani\u0107 from the Zagreb <a href=\"https:\/\/www.ief.hr\/en\/home\/\" target=\"_blank\" rel=\"noreferrer noopener\">Institute of Ethnology and Folklore Research<\/a>, writer Marko Gregur and Pavle Bon\u010da, from <a href=\"https:\/\/www.lzmk.hr\/en\/\">The Miroslav Krle\u017ea Institute of Lexicography<\/a>.<\/p>\n\n\n\n<p><a href=\"https:\/\/www.facebook.com\/festivalmiroslavkrleza\/posts\/pfbid022MZBitbJQxzyTsCz3bwcoMv6nPUhuFrwaJ1R19SeiRDMyUSUvwui5221drCUZSJZl\">Learn more about the Festival\u2019s 2025 programme (Croatian text only).<\/a><\/p>\n","protected":false},"excerpt":{"rendered":"<p>On 2 July 2025, at 12.00, the National and University Library in Zagreb (NSK) will host a special programme as part of the 14th&#8230;<\/p>\n","protected":false},"author":11,"featured_media":96900,"comment_status":"closed","ping_status":"open","sticky":false,"template":"","format":"standard","meta":{"_acf_changed":false,"ngg_post_thumbnail":0,"footnotes":""},"categories":[158],"tags":[365,623,621,622,980],"class_list":["post-96899","post","type-post","status-publish","format-standard","has-post-thumbnail","hentry","category-events","tag-exhibition","tag-manuscripts","tag-miroslav-krleza-2","tag-miroslav-krleza-festival","tag-nsk-events"],"acf":[],"yoast_head":"<!-- This site is optimized with the Yoast SEO plugin v25.4 - https:\/\/yoast.com\/wordpress\/plugins\/seo\/ -->\n<title>NSK again part of Miroslav Krle\u017ea Festival - Nacionalna i sveu\u010dili\u0161na knji\u017enica u Zagrebu<\/title>\n<meta name=\"description\" content=\"On 2 July 2025, at 12.00, the National and University Library in Zagreb (NSK) will host a special programme as part of the 14th Miroslav Krle\u017ea Festival, the 2025 edition of the annual cultural festival commemorating canonical Croatian writer Miroslav Krle\u017ea (1893-1981).\" \/>\n<meta name=\"robots\" content=\"index, follow, max-snippet:-1, max-image-preview:large, max-video-preview:-1\" \/>\n<link rel=\"canonical\" href=\"https:\/\/nsk.hr\/en\/events\/nsk-again-part-of-miroslav-krleza-festival\/\" \/>\n<meta property=\"og:locale\" content=\"en_US\" \/>\n<meta property=\"og:type\" content=\"article\" \/>\n<meta property=\"og:title\" content=\"NSK again part of Miroslav Krle\u017ea Festival - Nacionalna i sveu\u010dili\u0161na knji\u017enica u Zagrebu\" \/>\n<meta property=\"og:description\" content=\"On 2 July 2025, at 12.00, the National and University Library in Zagreb (NSK) will host a special programme as part of the 14th Miroslav Krle\u017ea Festival, the 2025 edition of the annual cultural festival commemorating canonical Croatian writer Miroslav Krle\u017ea (1893-1981).\" \/>\n<meta property=\"og:url\" content=\"https:\/\/nsk.hr\/en\/events\/nsk-again-part-of-miroslav-krleza-festival\/\" \/>\n<meta property=\"og:site_name\" content=\"Nacionalna i sveu\u010dili\u0161na knji\u017enica u Zagrebu\" \/>\n<meta property=\"article:published_time\" content=\"2025-06-17T09:48:08+00:00\" \/>\n<meta property=\"article:modified_time\" content=\"2025-09-18T10:53:54+00:00\" \/>\n<meta property=\"og:image\" content=\"https:\/\/nsk.hr\/wp-content\/uploads\/2025\/06\/2025-Miroslav-Krleza-Festival_featured.png\" \/>\n\t<meta property=\"og:image:width\" content=\"876\" \/>\n\t<meta property=\"og:image:height\" content=\"558\" \/>\n\t<meta property=\"og:image:type\" content=\"image\/png\" \/>\n<meta name=\"author\" content=\"dlasic\" \/>\n<meta name=\"twitter:card\" content=\"summary_large_image\" \/>\n<meta name=\"twitter:label1\" content=\"Written by\" \/>\n\t<meta name=\"twitter:data1\" content=\"dlasic\" \/>\n\t<meta name=\"twitter:label2\" content=\"Est. reading time\" \/>\n\t<meta name=\"twitter:data2\" content=\"3 minutes\" \/>\n<script type=\"application\/ld+json\" class=\"yoast-schema-graph\">{\"@context\":\"https:\/\/schema.org\",\"@graph\":[{\"@type\":\"WebPage\",\"@id\":\"https:\/\/nsk.hr\/en\/events\/nsk-again-part-of-miroslav-krleza-festival\/\",\"url\":\"https:\/\/nsk.hr\/en\/events\/nsk-again-part-of-miroslav-krleza-festival\/\",\"name\":\"NSK again part of Miroslav Krle\u017ea Festival - Nacionalna i sveu\u010dili\u0161na knji\u017enica u Zagrebu\",\"isPartOf\":{\"@id\":\"https:\/\/nsk.hr\/en\/#website\"},\"primaryImageOfPage\":{\"@id\":\"https:\/\/nsk.hr\/en\/events\/nsk-again-part-of-miroslav-krleza-festival\/#primaryimage\"},\"image\":{\"@id\":\"https:\/\/nsk.hr\/en\/events\/nsk-again-part-of-miroslav-krleza-festival\/#primaryimage\"},\"thumbnailUrl\":\"https:\/\/nsk.hr\/wp-content\/uploads\/2025\/06\/2025-Miroslav-Krleza-Festival_featured.png\",\"datePublished\":\"2025-06-17T09:48:08+00:00\",\"dateModified\":\"2025-09-18T10:53:54+00:00\",\"author\":{\"@id\":\"https:\/\/nsk.hr\/en\/#\/schema\/person\/ac622a1e175d155b5815b190a18ed8bd\"},\"description\":\"On 2 July 2025, at 12.00, the National and University Library in Zagreb (NSK) will host a special programme as part of the 14th Miroslav Krle\u017ea Festival, the 2025 edition of the annual cultural festival commemorating canonical Croatian writer Miroslav Krle\u017ea (1893-1981).\",\"breadcrumb\":{\"@id\":\"https:\/\/nsk.hr\/en\/events\/nsk-again-part-of-miroslav-krleza-festival\/#breadcrumb\"},\"inLanguage\":\"en-US\",\"potentialAction\":[{\"@type\":\"ReadAction\",\"target\":[\"https:\/\/nsk.hr\/en\/events\/nsk-again-part-of-miroslav-krleza-festival\/\"]}]},{\"@type\":\"ImageObject\",\"inLanguage\":\"en-US\",\"@id\":\"https:\/\/nsk.hr\/en\/events\/nsk-again-part-of-miroslav-krleza-festival\/#primaryimage\",\"url\":\"https:\/\/nsk.hr\/wp-content\/uploads\/2025\/06\/2025-Miroslav-Krleza-Festival_featured.png\",\"contentUrl\":\"https:\/\/nsk.hr\/wp-content\/uploads\/2025\/06\/2025-Miroslav-Krleza-Festival_featured.png\",\"width\":876,\"height\":558,\"caption\":\"Design by: Mirko Ili\u0107.\"},{\"@type\":\"BreadcrumbList\",\"@id\":\"https:\/\/nsk.hr\/en\/events\/nsk-again-part-of-miroslav-krleza-festival\/#breadcrumb\",\"itemListElement\":[{\"@type\":\"ListItem\",\"position\":1,\"name\":\"Homepage\",\"item\":\"https:\/\/nsk.hr\/en\/\"},{\"@type\":\"ListItem\",\"position\":2,\"name\":\"Events\",\"item\":\"https:\/\/nsk.hr\/en\/events\/\"},{\"@type\":\"ListItem\",\"position\":3,\"name\":\"NSK again part of Miroslav Krle\u017ea Festival\"}]},{\"@type\":\"WebSite\",\"@id\":\"https:\/\/nsk.hr\/en\/#website\",\"url\":\"https:\/\/nsk.hr\/en\/\",\"name\":\"Nacionalna i sveu\u010dili\u0161na knji\u017enica u Zagrebu\",\"description\":\"\",\"potentialAction\":[{\"@type\":\"SearchAction\",\"target\":{\"@type\":\"EntryPoint\",\"urlTemplate\":\"https:\/\/nsk.hr\/en\/?s={search_term_string}\"},\"query-input\":{\"@type\":\"PropertyValueSpecification\",\"valueRequired\":true,\"valueName\":\"search_term_string\"}}],\"inLanguage\":\"en-US\"},{\"@type\":\"Person\",\"@id\":\"https:\/\/nsk.hr\/en\/#\/schema\/person\/ac622a1e175d155b5815b190a18ed8bd\",\"name\":\"dlasic\",\"url\":\"https:\/\/nsk.hr\/en\/author\/dlasic\/\"}]}<\/script>\n<!-- \/ Yoast SEO plugin. -->","yoast_head_json":{"title":"NSK again part of Miroslav Krle\u017ea Festival - Nacionalna i sveu\u010dili\u0161na knji\u017enica u Zagrebu","description":"On 2 July 2025, at 12.00, the National and University Library in Zagreb (NSK) will host a special programme as part of the 14th Miroslav Krle\u017ea Festival, the 2025 edition of the annual cultural festival commemorating canonical Croatian writer Miroslav Krle\u017ea (1893-1981).","robots":{"index":"index","follow":"follow","max-snippet":"max-snippet:-1","max-image-preview":"max-image-preview:large","max-video-preview":"max-video-preview:-1"},"canonical":"https:\/\/nsk.hr\/en\/events\/nsk-again-part-of-miroslav-krleza-festival\/","og_locale":"en_US","og_type":"article","og_title":"NSK again part of Miroslav Krle\u017ea Festival - Nacionalna i sveu\u010dili\u0161na knji\u017enica u Zagrebu","og_description":"On 2 July 2025, at 12.00, the National and University Library in Zagreb (NSK) will host a special programme as part of the 14th Miroslav Krle\u017ea Festival, the 2025 edition of the annual cultural festival commemorating canonical Croatian writer Miroslav Krle\u017ea (1893-1981).","og_url":"https:\/\/nsk.hr\/en\/events\/nsk-again-part-of-miroslav-krleza-festival\/","og_site_name":"Nacionalna i sveu\u010dili\u0161na knji\u017enica u Zagrebu","article_published_time":"2025-06-17T09:48:08+00:00","article_modified_time":"2025-09-18T10:53:54+00:00","og_image":[{"width":876,"height":558,"url":"https:\/\/nsk.hr\/wp-content\/uploads\/2025\/06\/2025-Miroslav-Krleza-Festival_featured.png","type":"image\/png"}],"author":"dlasic","twitter_card":"summary_large_image","twitter_misc":{"Written by":"dlasic","Est. reading time":"3 minutes"},"schema":{"@context":"https:\/\/schema.org","@graph":[{"@type":"WebPage","@id":"https:\/\/nsk.hr\/en\/events\/nsk-again-part-of-miroslav-krleza-festival\/","url":"https:\/\/nsk.hr\/en\/events\/nsk-again-part-of-miroslav-krleza-festival\/","name":"NSK again part of Miroslav Krle\u017ea Festival - Nacionalna i sveu\u010dili\u0161na knji\u017enica u Zagrebu","isPartOf":{"@id":"https:\/\/nsk.hr\/en\/#website"},"primaryImageOfPage":{"@id":"https:\/\/nsk.hr\/en\/events\/nsk-again-part-of-miroslav-krleza-festival\/#primaryimage"},"image":{"@id":"https:\/\/nsk.hr\/en\/events\/nsk-again-part-of-miroslav-krleza-festival\/#primaryimage"},"thumbnailUrl":"https:\/\/nsk.hr\/wp-content\/uploads\/2025\/06\/2025-Miroslav-Krleza-Festival_featured.png","datePublished":"2025-06-17T09:48:08+00:00","dateModified":"2025-09-18T10:53:54+00:00","author":{"@id":"https:\/\/nsk.hr\/en\/#\/schema\/person\/ac622a1e175d155b5815b190a18ed8bd"},"description":"On 2 July 2025, at 12.00, the National and University Library in Zagreb (NSK) will host a special programme as part of the 14th Miroslav Krle\u017ea Festival, the 2025 edition of the annual cultural festival commemorating canonical Croatian writer Miroslav Krle\u017ea (1893-1981).","breadcrumb":{"@id":"https:\/\/nsk.hr\/en\/events\/nsk-again-part-of-miroslav-krleza-festival\/#breadcrumb"},"inLanguage":"en-US","potentialAction":[{"@type":"ReadAction","target":["https:\/\/nsk.hr\/en\/events\/nsk-again-part-of-miroslav-krleza-festival\/"]}]},{"@type":"ImageObject","inLanguage":"en-US","@id":"https:\/\/nsk.hr\/en\/events\/nsk-again-part-of-miroslav-krleza-festival\/#primaryimage","url":"https:\/\/nsk.hr\/wp-content\/uploads\/2025\/06\/2025-Miroslav-Krleza-Festival_featured.png","contentUrl":"https:\/\/nsk.hr\/wp-content\/uploads\/2025\/06\/2025-Miroslav-Krleza-Festival_featured.png","width":876,"height":558,"caption":"Design by: Mirko Ili\u0107."},{"@type":"BreadcrumbList","@id":"https:\/\/nsk.hr\/en\/events\/nsk-again-part-of-miroslav-krleza-festival\/#breadcrumb","itemListElement":[{"@type":"ListItem","position":1,"name":"Homepage","item":"https:\/\/nsk.hr\/en\/"},{"@type":"ListItem","position":2,"name":"Events","item":"https:\/\/nsk.hr\/en\/events\/"},{"@type":"ListItem","position":3,"name":"NSK again part of Miroslav Krle\u017ea Festival"}]},{"@type":"WebSite","@id":"https:\/\/nsk.hr\/en\/#website","url":"https:\/\/nsk.hr\/en\/","name":"Nacionalna i sveu\u010dili\u0161na knji\u017enica u Zagrebu","description":"","potentialAction":[{"@type":"SearchAction","target":{"@type":"EntryPoint","urlTemplate":"https:\/\/nsk.hr\/en\/?s={search_term_string}"},"query-input":{"@type":"PropertyValueSpecification","valueRequired":true,"valueName":"search_term_string"}}],"inLanguage":"en-US"},{"@type":"Person","@id":"https:\/\/nsk.hr\/en\/#\/schema\/person\/ac622a1e175d155b5815b190a18ed8bd","name":"dlasic","url":"https:\/\/nsk.hr\/en\/author\/dlasic\/"}]}},"_links":{"self":[{"href":"https:\/\/nsk.hr\/en\/wp-json\/wp\/v2\/posts\/96899","targetHints":{"allow":["GET"]}}],"collection":[{"href":"https:\/\/nsk.hr\/en\/wp-json\/wp\/v2\/posts"}],"about":[{"href":"https:\/\/nsk.hr\/en\/wp-json\/wp\/v2\/types\/post"}],"author":[{"embeddable":true,"href":"https:\/\/nsk.hr\/en\/wp-json\/wp\/v2\/users\/11"}],"replies":[{"embeddable":true,"href":"https:\/\/nsk.hr\/en\/wp-json\/wp\/v2\/comments?post=96899"}],"version-history":[{"count":7,"href":"https:\/\/nsk.hr\/en\/wp-json\/wp\/v2\/posts\/96899\/revisions"}],"predecessor-version":[{"id":97200,"href":"https:\/\/nsk.hr\/en\/wp-json\/wp\/v2\/posts\/96899\/revisions\/97200"}],"wp:featuredmedia":[{"embeddable":true,"href":"https:\/\/nsk.hr\/en\/wp-json\/wp\/v2\/media\/96900"}],"wp:attachment":[{"href":"https:\/\/nsk.hr\/en\/wp-json\/wp\/v2\/media?parent=96899"}],"wp:term":[{"taxonomy":"category","embeddable":true,"href":"https:\/\/nsk.hr\/en\/wp-json\/wp\/v2\/categories?post=96899"},{"taxonomy":"post_tag","embeddable":true,"href":"https:\/\/nsk.hr\/en\/wp-json\/wp\/v2\/tags?post=96899"}],"curies":[{"name":"wp","href":"https:\/\/api.w.org\/{rel}","templated":true}]}}