{"id":96818,"date":"2025-06-12T09:15:55","date_gmt":"2025-06-12T07:15:55","guid":{"rendered":"https:\/\/nsk.hr\/?p=96818"},"modified":"2026-01-15T15:23:50","modified_gmt":"2026-01-15T14:23:50","slug":"nsk-hosts-2025-isbn-regional-meeting","status":"publish","type":"post","link":"https:\/\/nsk.hr\/en\/news\/nsk-hosts-2025-isbn-regional-meeting\/","title":{"rendered":"NSK hosts 2025 ISBN Regional Meeting"},"content":{"rendered":"\n<p class=\"is-style-lead\"><a>On 10 and 11 June 2025, the National and University Library in Zagreb (NSK) hosted the 11<sup>th<\/sup> ISBN Regional Meeting, which it organised in cooperation with the <\/a><a href=\"https:\/\/www.isbn-international.org\/\">International ISBN Agency<\/a>.&nbsp;<\/p>\n\n\n\n<p>After a welcome address by the NSK Director General Professor Ivanka Stri\u010devi\u0107, in which she referred to the long and successful cooperation between NSK and the international agencies managing the ISBN and ISMN systems, the Head of the NSK Identifiers Division Danijela Getliher also welcomed to the meeting the representatives of the ISBN national agencies in Bosnia and Herzegovina, Bulgaria, Hungary, Kosovo, Montenegro, Republic of Srpska, Slovenia and Serbia along with the other meeting participants.<\/p>\n\n\n\n<h2 class=\"wp-block-heading\"><\/h2>\n\n\n\n<figure class=\"wp-block-gallery has-nested-images columns-default is-cropped wp-block-gallery-2 is-layout-flex wp-block-gallery-is-layout-flex\">\n<figure class=\"wp-block-image size-large\"><img decoding=\"async\" width=\"826\" height=\"1024\" data-id=\"96819\" data-src=\"https:\/\/nsk.hr\/wp-content\/uploads\/2025\/06\/ISBN-regional-meeting-2025-1-826x1024.jpg\" alt=\"NSK Director General Dr Ivanka Stri\u010devi\u0107.\" class=\"wp-image-96819 lazyload\" data-srcset=\"https:\/\/nsk.hr\/wp-content\/uploads\/2025\/06\/ISBN-regional-meeting-2025-1-826x1024.jpg 826w, https:\/\/nsk.hr\/wp-content\/uploads\/2025\/06\/ISBN-regional-meeting-2025-1-242x300.jpg 242w, https:\/\/nsk.hr\/wp-content\/uploads\/2025\/06\/ISBN-regional-meeting-2025-1-768x952.jpg 768w, https:\/\/nsk.hr\/wp-content\/uploads\/2025\/06\/ISBN-regional-meeting-2025-1-1238x1536.jpg 1238w, https:\/\/nsk.hr\/wp-content\/uploads\/2025\/06\/ISBN-regional-meeting-2025-1-871x1080.jpg 871w, https:\/\/nsk.hr\/wp-content\/uploads\/2025\/06\/ISBN-regional-meeting-2025-1.jpg 1253w\" data-sizes=\"(max-width: 826px) 100vw, 826px\" src=\"data:image\/svg+xml;base64,PHN2ZyB3aWR0aD0iMSIgaGVpZ2h0PSIxIiB4bWxucz0iaHR0cDovL3d3dy53My5vcmcvMjAwMC9zdmciPjwvc3ZnPg==\" style=\"--smush-placeholder-width: 826px; --smush-placeholder-aspect-ratio: 826\/1024;\" \/><\/figure>\n\n\n\n<figure class=\"wp-block-image size-large\"><img decoding=\"async\" width=\"838\" height=\"1024\" data-id=\"96821\" data-src=\"https:\/\/nsk.hr\/wp-content\/uploads\/2025\/06\/ISBN-regional-meeting-2025-2-838x1024.jpg\" alt=\"Head of the NSK Identifiers Division Danijela Getliher.  \" class=\"wp-image-96821 lazyload\" data-srcset=\"https:\/\/nsk.hr\/wp-content\/uploads\/2025\/06\/ISBN-regional-meeting-2025-2-838x1024.jpg 838w, https:\/\/nsk.hr\/wp-content\/uploads\/2025\/06\/ISBN-regional-meeting-2025-2-245x300.jpg 245w, https:\/\/nsk.hr\/wp-content\/uploads\/2025\/06\/ISBN-regional-meeting-2025-2-768x939.jpg 768w, https:\/\/nsk.hr\/wp-content\/uploads\/2025\/06\/ISBN-regional-meeting-2025-2-1257x1536.jpg 1257w, https:\/\/nsk.hr\/wp-content\/uploads\/2025\/06\/ISBN-regional-meeting-2025-2-1676x2048.jpg 1676w, https:\/\/nsk.hr\/wp-content\/uploads\/2025\/06\/ISBN-regional-meeting-2025-2-884x1080.jpg 884w, https:\/\/nsk.hr\/wp-content\/uploads\/2025\/06\/ISBN-regional-meeting-2025-2-scaled.jpg 1571w\" data-sizes=\"(max-width: 838px) 100vw, 838px\" src=\"data:image\/svg+xml;base64,PHN2ZyB3aWR0aD0iMSIgaGVpZ2h0PSIxIiB4bWxucz0iaHR0cDovL3d3dy53My5vcmcvMjAwMC9zdmciPjwvc3ZnPg==\" style=\"--smush-placeholder-width: 838px; --smush-placeholder-aspect-ratio: 838\/1024;\" \/><\/figure>\n<figcaption class=\"blocks-gallery-caption wp-element-caption\">NSK Director General Professor Ivanka Stri\u010devi\u0107 and Head of the NSK Identifiers Division Danijela Getliher. \u00a0<\/figcaption><\/figure>\n\n\n\n<p>Apart from the International ISBN Agency Executive Director Stella Griffiths and the Agency\u2019s Operations Manager Nick Woods, also attending the meeting was the Executive Director of the <a href=\"https:\/\/www.ismn-international.org\/\">International ISMN Agency<\/a> Sylvia Schmidt, who joined the meeting in connection with the 30<sup>th<\/sup> anniversary of the founding of the <a href=\"https:\/\/nsk.hr\/nakladnici\/hrvatski-ured-za-ismn\/\">Croatian ISMN Agency<\/a>. &nbsp;<\/p>\n\n\n\n<h2 class=\"wp-block-heading\"><strong>Reports, analyses and discussions of current identifiers-related issues<\/strong><\/h2>\n\n\n\n<p>After the Head of the NSK Croatian Digital Library Development Centre Karolina Holub presented <a href=\"https:\/\/nsk.hr\/en\/news\/eop-nsk-launches-new-electronic-legal-deposit-system\/\">Croatia\u2019s new e-legal deposit system<\/a>, the meeting\u2019s programme proceeded with Ms Griffiths\u2019s standard report on the activities of the world\u2019s central ISBN office, the latest developments in the ISBN system and its new services.<\/p>\n\n\n\n<h2 class=\"wp-block-heading\"><\/h2>\n\n\n\n<figure class=\"wp-block-gallery has-nested-images columns-default is-cropped wp-block-gallery-3 is-layout-flex wp-block-gallery-is-layout-flex\">\n<figure class=\"wp-block-image size-large\"><img decoding=\"async\" width=\"1024\" height=\"1017\" data-id=\"96823\" data-src=\"https:\/\/nsk.hr\/wp-content\/uploads\/2025\/06\/ISBN-regional-meeting-2025-3-1024x1017.jpg\" alt=\"Executive Director of the International ISBN Agency Stella Griffiths.\" class=\"wp-image-96823 lazyload\" data-srcset=\"https:\/\/nsk.hr\/wp-content\/uploads\/2025\/06\/ISBN-regional-meeting-2025-3-1024x1017.jpg 1024w, https:\/\/nsk.hr\/wp-content\/uploads\/2025\/06\/ISBN-regional-meeting-2025-3-300x298.jpg 300w, https:\/\/nsk.hr\/wp-content\/uploads\/2025\/06\/ISBN-regional-meeting-2025-3-150x150.jpg 150w, https:\/\/nsk.hr\/wp-content\/uploads\/2025\/06\/ISBN-regional-meeting-2025-3-768x763.jpg 768w, https:\/\/nsk.hr\/wp-content\/uploads\/2025\/06\/ISBN-regional-meeting-2025-3-1536x1526.jpg 1536w, https:\/\/nsk.hr\/wp-content\/uploads\/2025\/06\/ISBN-regional-meeting-2025-3-1087x1080.jpg 1087w, https:\/\/nsk.hr\/wp-content\/uploads\/2025\/06\/ISBN-regional-meeting-2025-3-scaled.jpg 1920w\" data-sizes=\"(max-width: 1024px) 100vw, 1024px\" src=\"data:image\/svg+xml;base64,PHN2ZyB3aWR0aD0iMSIgaGVpZ2h0PSIxIiB4bWxucz0iaHR0cDovL3d3dy53My5vcmcvMjAwMC9zdmciPjwvc3ZnPg==\" style=\"--smush-placeholder-width: 1024px; --smush-placeholder-aspect-ratio: 1024\/1017;\" \/><\/figure>\n\n\n\n<figure class=\"wp-block-image size-large\"><img decoding=\"async\" width=\"1024\" height=\"910\" data-id=\"96825\" data-src=\"https:\/\/nsk.hr\/wp-content\/uploads\/2025\/06\/ISBN-regional-meeting-2025-4-1024x910.jpg\" alt=\"Operations Manager of the International ISBN Agency Nick Woods. \" class=\"wp-image-96825 lazyload\" data-srcset=\"https:\/\/nsk.hr\/wp-content\/uploads\/2025\/06\/ISBN-regional-meeting-2025-4-1024x910.jpg 1024w, https:\/\/nsk.hr\/wp-content\/uploads\/2025\/06\/ISBN-regional-meeting-2025-4-300x267.jpg 300w, https:\/\/nsk.hr\/wp-content\/uploads\/2025\/06\/ISBN-regional-meeting-2025-4-768x683.jpg 768w, https:\/\/nsk.hr\/wp-content\/uploads\/2025\/06\/ISBN-regional-meeting-2025-4-1536x1365.jpg 1536w, https:\/\/nsk.hr\/wp-content\/uploads\/2025\/06\/ISBN-regional-meeting-2025-4-1215x1080.jpg 1215w, https:\/\/nsk.hr\/wp-content\/uploads\/2025\/06\/ISBN-regional-meeting-2025-4.jpg 1395w\" data-sizes=\"(max-width: 1024px) 100vw, 1024px\" src=\"data:image\/svg+xml;base64,PHN2ZyB3aWR0aD0iMSIgaGVpZ2h0PSIxIiB4bWxucz0iaHR0cDovL3d3dy53My5vcmcvMjAwMC9zdmciPjwvc3ZnPg==\" style=\"--smush-placeholder-width: 1024px; --smush-placeholder-aspect-ratio: 1024\/910;\" \/><\/figure>\n<figcaption class=\"blocks-gallery-caption wp-element-caption\">International ISBN Agency Executive Director Stella Griffiths and International ISBN Agency Operations Manager Nick Woods.<\/figcaption><\/figure>\n\n\n\n<p>The reports of the meeting participants on the activities of the represented regional agencies provided an overview of the areas in which more coordination is required and where additional support is needed in the implementation of the latest decisions and guidelines as well as in responding to identifier assignment-related challenges. <\/p>\n\n\n\n<p>Also, the meeting participants discussed identifiers-related procedures with regard to the related practices in the publishing sector as well as issues associated with GDPR-focused data management, ISBN and ISMN allocation to digital publications, the impact of AI on the publishing industry and identifiers assignment, legal deposit procedures, etc.<\/p>\n\n\n\n<figure class=\"wp-block-image size-large\"><img decoding=\"async\" width=\"1024\" height=\"654\" data-src=\"https:\/\/nsk.hr\/wp-content\/uploads\/2025\/06\/ISBN-regional-meeting-2025-5-1024x654.jpg\" alt=\"Participants in the 2025 ISBN and ISMN Regional Meeting. \" class=\"wp-image-96827 lazyload\" data-srcset=\"https:\/\/nsk.hr\/wp-content\/uploads\/2025\/06\/ISBN-regional-meeting-2025-5-1024x654.jpg 1024w, https:\/\/nsk.hr\/wp-content\/uploads\/2025\/06\/ISBN-regional-meeting-2025-5-300x192.jpg 300w, https:\/\/nsk.hr\/wp-content\/uploads\/2025\/06\/ISBN-regional-meeting-2025-5-768x491.jpg 768w, https:\/\/nsk.hr\/wp-content\/uploads\/2025\/06\/ISBN-regional-meeting-2025-5-1536x982.jpg 1536w, https:\/\/nsk.hr\/wp-content\/uploads\/2025\/06\/ISBN-regional-meeting-2025-5-2048x1309.jpg 2048w, https:\/\/nsk.hr\/wp-content\/uploads\/2025\/06\/ISBN-regional-meeting-2025-5-1690x1080.jpg 1690w, https:\/\/nsk.hr\/wp-content\/uploads\/2025\/06\/ISBN-regional-meeting-2025-5-scaled.jpg 1920w\" data-sizes=\"(max-width: 1024px) 100vw, 1024px\" src=\"data:image\/svg+xml;base64,PHN2ZyB3aWR0aD0iMSIgaGVpZ2h0PSIxIiB4bWxucz0iaHR0cDovL3d3dy53My5vcmcvMjAwMC9zdmciPjwvc3ZnPg==\" style=\"--smush-placeholder-width: 1024px; --smush-placeholder-aspect-ratio: 1024\/654;\" \/><\/figure>\n","protected":false},"excerpt":{"rendered":"<p>On 10 and 11 June 2025, the National and University Library in Zagreb (NSK) hosted the 11th ISBN Regional Meeting, which it organised in&#8230;<\/p>\n","protected":false},"author":11,"featured_media":96829,"comment_status":"closed","ping_status":"open","sticky":false,"template":"","format":"standard","meta":{"_acf_changed":false,"ngg_post_thumbnail":0,"footnotes":""},"categories":[166],"tags":[916,668,917,918],"class_list":["post-96818","post","type-post","status-publish","format-standard","has-post-thumbnail","hentry","category-news","tag-11th-isbn-regional-meeting","tag-international-cooperation","tag-isbn-2","tag-ismn-2"],"acf":[],"yoast_head":"<!-- This site is optimized with the Yoast SEO plugin v25.4 - https:\/\/yoast.com\/wordpress\/plugins\/seo\/ -->\n<title>NSK hosts 2025 ISBN Regional Meeting - Nacionalna i sveu\u010dili\u0161na knji\u017enica u Zagrebu<\/title>\n<meta name=\"description\" content=\"On 10 and 11 June 2025, the National and University Library in Zagreb (NSK) hosted the 2025 ISBN and ISMN Regional Meeting, which it organised in cooperation with the International ISBN Agency.\" \/>\n<meta name=\"robots\" content=\"index, follow, max-snippet:-1, max-image-preview:large, max-video-preview:-1\" \/>\n<link rel=\"canonical\" href=\"https:\/\/nsk.hr\/en\/news\/nsk-hosts-2025-isbn-regional-meeting\/\" \/>\n<meta property=\"og:locale\" content=\"en_US\" \/>\n<meta property=\"og:type\" content=\"article\" \/>\n<meta property=\"og:title\" content=\"NSK hosts 2025 ISBN Regional Meeting - Nacionalna i sveu\u010dili\u0161na knji\u017enica u Zagrebu\" \/>\n<meta property=\"og:description\" content=\"On 10 and 11 June 2025, the National and University Library in Zagreb (NSK) hosted the 2025 ISBN and ISMN Regional Meeting, which it organised in cooperation with the International ISBN Agency.\" \/>\n<meta property=\"og:url\" content=\"https:\/\/nsk.hr\/en\/news\/nsk-hosts-2025-isbn-regional-meeting\/\" \/>\n<meta property=\"og:site_name\" content=\"Nacionalna i sveu\u010dili\u0161na knji\u017enica u Zagrebu\" \/>\n<meta property=\"article:published_time\" content=\"2025-06-12T07:15:55+00:00\" \/>\n<meta property=\"article:modified_time\" content=\"2026-01-15T14:23:50+00:00\" \/>\n<meta property=\"og:image\" content=\"https:\/\/nsk.hr\/wp-content\/uploads\/2025\/06\/ISBN-regional-meeting-2025_featured.png\" \/>\n\t<meta property=\"og:image:width\" content=\"876\" \/>\n\t<meta property=\"og:image:height\" content=\"558\" \/>\n\t<meta property=\"og:image:type\" content=\"image\/png\" \/>\n<meta name=\"author\" content=\"dlasic\" \/>\n<meta name=\"twitter:card\" content=\"summary_large_image\" \/>\n<meta name=\"twitter:label1\" content=\"Written by\" \/>\n\t<meta name=\"twitter:data1\" content=\"dlasic\" \/>\n\t<meta name=\"twitter:label2\" content=\"Est. reading time\" \/>\n\t<meta name=\"twitter:data2\" content=\"3 minutes\" \/>\n<script type=\"application\/ld+json\" class=\"yoast-schema-graph\">{\"@context\":\"https:\/\/schema.org\",\"@graph\":[{\"@type\":\"WebPage\",\"@id\":\"https:\/\/nsk.hr\/en\/news\/nsk-hosts-2025-isbn-regional-meeting\/\",\"url\":\"https:\/\/nsk.hr\/en\/news\/nsk-hosts-2025-isbn-regional-meeting\/\",\"name\":\"NSK hosts 2025 ISBN Regional Meeting - Nacionalna i sveu\u010dili\u0161na knji\u017enica u Zagrebu\",\"isPartOf\":{\"@id\":\"https:\/\/nsk.hr\/en\/#website\"},\"primaryImageOfPage\":{\"@id\":\"https:\/\/nsk.hr\/en\/news\/nsk-hosts-2025-isbn-regional-meeting\/#primaryimage\"},\"image\":{\"@id\":\"https:\/\/nsk.hr\/en\/news\/nsk-hosts-2025-isbn-regional-meeting\/#primaryimage\"},\"thumbnailUrl\":\"https:\/\/nsk.hr\/wp-content\/uploads\/2025\/06\/ISBN-regional-meeting-2025_featured.png\",\"datePublished\":\"2025-06-12T07:15:55+00:00\",\"dateModified\":\"2026-01-15T14:23:50+00:00\",\"author\":{\"@id\":\"https:\/\/nsk.hr\/en\/#\/schema\/person\/ac622a1e175d155b5815b190a18ed8bd\"},\"description\":\"On 10 and 11 June 2025, the National and University Library in Zagreb (NSK) hosted the 2025 ISBN and ISMN Regional Meeting, which it organised in cooperation with the International ISBN Agency.\",\"breadcrumb\":{\"@id\":\"https:\/\/nsk.hr\/en\/news\/nsk-hosts-2025-isbn-regional-meeting\/#breadcrumb\"},\"inLanguage\":\"en-US\",\"potentialAction\":[{\"@type\":\"ReadAction\",\"target\":[\"https:\/\/nsk.hr\/en\/news\/nsk-hosts-2025-isbn-regional-meeting\/\"]}]},{\"@type\":\"ImageObject\",\"inLanguage\":\"en-US\",\"@id\":\"https:\/\/nsk.hr\/en\/news\/nsk-hosts-2025-isbn-regional-meeting\/#primaryimage\",\"url\":\"https:\/\/nsk.hr\/wp-content\/uploads\/2025\/06\/ISBN-regional-meeting-2025_featured.png\",\"contentUrl\":\"https:\/\/nsk.hr\/wp-content\/uploads\/2025\/06\/ISBN-regional-meeting-2025_featured.png\",\"width\":876,\"height\":558,\"caption\":\"Participants in the 2025 ISBN and ISMN Regional Meeting.\"},{\"@type\":\"BreadcrumbList\",\"@id\":\"https:\/\/nsk.hr\/en\/news\/nsk-hosts-2025-isbn-regional-meeting\/#breadcrumb\",\"itemListElement\":[{\"@type\":\"ListItem\",\"position\":1,\"name\":\"Homepage\",\"item\":\"https:\/\/nsk.hr\/en\/\"},{\"@type\":\"ListItem\",\"position\":2,\"name\":\"News\",\"item\":\"https:\/\/nsk.hr\/en\/news\/\"},{\"@type\":\"ListItem\",\"position\":3,\"name\":\"NSK hosts 2025 ISBN Regional Meeting\"}]},{\"@type\":\"WebSite\",\"@id\":\"https:\/\/nsk.hr\/en\/#website\",\"url\":\"https:\/\/nsk.hr\/en\/\",\"name\":\"Nacionalna i sveu\u010dili\u0161na knji\u017enica u Zagrebu\",\"description\":\"\",\"potentialAction\":[{\"@type\":\"SearchAction\",\"target\":{\"@type\":\"EntryPoint\",\"urlTemplate\":\"https:\/\/nsk.hr\/en\/?s={search_term_string}\"},\"query-input\":{\"@type\":\"PropertyValueSpecification\",\"valueRequired\":true,\"valueName\":\"search_term_string\"}}],\"inLanguage\":\"en-US\"},{\"@type\":\"Person\",\"@id\":\"https:\/\/nsk.hr\/en\/#\/schema\/person\/ac622a1e175d155b5815b190a18ed8bd\",\"name\":\"dlasic\",\"url\":\"https:\/\/nsk.hr\/en\/author\/dlasic\/\"}]}<\/script>\n<!-- \/ Yoast SEO plugin. -->","yoast_head_json":{"title":"NSK hosts 2025 ISBN Regional Meeting - Nacionalna i sveu\u010dili\u0161na knji\u017enica u Zagrebu","description":"On 10 and 11 June 2025, the National and University Library in Zagreb (NSK) hosted the 2025 ISBN and ISMN Regional Meeting, which it organised in cooperation with the International ISBN Agency.","robots":{"index":"index","follow":"follow","max-snippet":"max-snippet:-1","max-image-preview":"max-image-preview:large","max-video-preview":"max-video-preview:-1"},"canonical":"https:\/\/nsk.hr\/en\/news\/nsk-hosts-2025-isbn-regional-meeting\/","og_locale":"en_US","og_type":"article","og_title":"NSK hosts 2025 ISBN Regional Meeting - Nacionalna i sveu\u010dili\u0161na knji\u017enica u Zagrebu","og_description":"On 10 and 11 June 2025, the National and University Library in Zagreb (NSK) hosted the 2025 ISBN and ISMN Regional Meeting, which it organised in cooperation with the International ISBN Agency.","og_url":"https:\/\/nsk.hr\/en\/news\/nsk-hosts-2025-isbn-regional-meeting\/","og_site_name":"Nacionalna i sveu\u010dili\u0161na knji\u017enica u Zagrebu","article_published_time":"2025-06-12T07:15:55+00:00","article_modified_time":"2026-01-15T14:23:50+00:00","og_image":[{"width":876,"height":558,"url":"https:\/\/nsk.hr\/wp-content\/uploads\/2025\/06\/ISBN-regional-meeting-2025_featured.png","type":"image\/png"}],"author":"dlasic","twitter_card":"summary_large_image","twitter_misc":{"Written by":"dlasic","Est. reading time":"3 minutes"},"schema":{"@context":"https:\/\/schema.org","@graph":[{"@type":"WebPage","@id":"https:\/\/nsk.hr\/en\/news\/nsk-hosts-2025-isbn-regional-meeting\/","url":"https:\/\/nsk.hr\/en\/news\/nsk-hosts-2025-isbn-regional-meeting\/","name":"NSK hosts 2025 ISBN Regional Meeting - Nacionalna i sveu\u010dili\u0161na knji\u017enica u Zagrebu","isPartOf":{"@id":"https:\/\/nsk.hr\/en\/#website"},"primaryImageOfPage":{"@id":"https:\/\/nsk.hr\/en\/news\/nsk-hosts-2025-isbn-regional-meeting\/#primaryimage"},"image":{"@id":"https:\/\/nsk.hr\/en\/news\/nsk-hosts-2025-isbn-regional-meeting\/#primaryimage"},"thumbnailUrl":"https:\/\/nsk.hr\/wp-content\/uploads\/2025\/06\/ISBN-regional-meeting-2025_featured.png","datePublished":"2025-06-12T07:15:55+00:00","dateModified":"2026-01-15T14:23:50+00:00","author":{"@id":"https:\/\/nsk.hr\/en\/#\/schema\/person\/ac622a1e175d155b5815b190a18ed8bd"},"description":"On 10 and 11 June 2025, the National and University Library in Zagreb (NSK) hosted the 2025 ISBN and ISMN Regional Meeting, which it organised in cooperation with the International ISBN Agency.","breadcrumb":{"@id":"https:\/\/nsk.hr\/en\/news\/nsk-hosts-2025-isbn-regional-meeting\/#breadcrumb"},"inLanguage":"en-US","potentialAction":[{"@type":"ReadAction","target":["https:\/\/nsk.hr\/en\/news\/nsk-hosts-2025-isbn-regional-meeting\/"]}]},{"@type":"ImageObject","inLanguage":"en-US","@id":"https:\/\/nsk.hr\/en\/news\/nsk-hosts-2025-isbn-regional-meeting\/#primaryimage","url":"https:\/\/nsk.hr\/wp-content\/uploads\/2025\/06\/ISBN-regional-meeting-2025_featured.png","contentUrl":"https:\/\/nsk.hr\/wp-content\/uploads\/2025\/06\/ISBN-regional-meeting-2025_featured.png","width":876,"height":558,"caption":"Participants in the 2025 ISBN and ISMN Regional Meeting."},{"@type":"BreadcrumbList","@id":"https:\/\/nsk.hr\/en\/news\/nsk-hosts-2025-isbn-regional-meeting\/#breadcrumb","itemListElement":[{"@type":"ListItem","position":1,"name":"Homepage","item":"https:\/\/nsk.hr\/en\/"},{"@type":"ListItem","position":2,"name":"News","item":"https:\/\/nsk.hr\/en\/news\/"},{"@type":"ListItem","position":3,"name":"NSK hosts 2025 ISBN Regional Meeting"}]},{"@type":"WebSite","@id":"https:\/\/nsk.hr\/en\/#website","url":"https:\/\/nsk.hr\/en\/","name":"Nacionalna i sveu\u010dili\u0161na knji\u017enica u Zagrebu","description":"","potentialAction":[{"@type":"SearchAction","target":{"@type":"EntryPoint","urlTemplate":"https:\/\/nsk.hr\/en\/?s={search_term_string}"},"query-input":{"@type":"PropertyValueSpecification","valueRequired":true,"valueName":"search_term_string"}}],"inLanguage":"en-US"},{"@type":"Person","@id":"https:\/\/nsk.hr\/en\/#\/schema\/person\/ac622a1e175d155b5815b190a18ed8bd","name":"dlasic","url":"https:\/\/nsk.hr\/en\/author\/dlasic\/"}]}},"_links":{"self":[{"href":"https:\/\/nsk.hr\/en\/wp-json\/wp\/v2\/posts\/96818","targetHints":{"allow":["GET"]}}],"collection":[{"href":"https:\/\/nsk.hr\/en\/wp-json\/wp\/v2\/posts"}],"about":[{"href":"https:\/\/nsk.hr\/en\/wp-json\/wp\/v2\/types\/post"}],"author":[{"embeddable":true,"href":"https:\/\/nsk.hr\/en\/wp-json\/wp\/v2\/users\/11"}],"replies":[{"embeddable":true,"href":"https:\/\/nsk.hr\/en\/wp-json\/wp\/v2\/comments?post=96818"}],"version-history":[{"count":7,"href":"https:\/\/nsk.hr\/en\/wp-json\/wp\/v2\/posts\/96818\/revisions"}],"predecessor-version":[{"id":99666,"href":"https:\/\/nsk.hr\/en\/wp-json\/wp\/v2\/posts\/96818\/revisions\/99666"}],"wp:featuredmedia":[{"embeddable":true,"href":"https:\/\/nsk.hr\/en\/wp-json\/wp\/v2\/media\/96829"}],"wp:attachment":[{"href":"https:\/\/nsk.hr\/en\/wp-json\/wp\/v2\/media?parent=96818"}],"wp:term":[{"taxonomy":"category","embeddable":true,"href":"https:\/\/nsk.hr\/en\/wp-json\/wp\/v2\/categories?post=96818"},{"taxonomy":"post_tag","embeddable":true,"href":"https:\/\/nsk.hr\/en\/wp-json\/wp\/v2\/tags?post=96818"}],"curies":[{"name":"wp","href":"https:\/\/api.w.org\/{rel}","templated":true}]}}