{"id":96637,"date":"2025-05-13T09:29:54","date_gmt":"2025-05-13T07:29:54","guid":{"rendered":"https:\/\/nsk.hr\/?p=96637"},"modified":"2026-01-15T11:05:42","modified_gmt":"2026-01-15T10:05:42","slug":"nsk-staff-elected-to-ifla-sections-for-2025-2027-term","status":"publish","type":"post","link":"https:\/\/nsk.hr\/en\/news\/nsk-staff-elected-to-ifla-sections-for-2025-2027-term\/","title":{"rendered":"NSK staff elected to IFLA sections for 2025-2027 term"},"content":{"rendered":"\n<p class=\"is-style-lead\">The participation of members of the staff of the National and University Library in Zagreb (NSK) in the work of the <a href=\"https:\/\/www.ifla.org\/\">International Federation of Library Associations and Institutions (IFLA)<\/a>, the world\u2019s leading library organisation, further reinforces NSK\u2019s position in the community which makes the global network of library professionals.<\/p>\n\n\n\n<p><a>We are proud and happy to share the news that in the latest IFLA elections, held late in April 2025, members of NSK\u2019s staff have been elected to several IFLA sections. Announced as part of the elections\u2019 <\/a><a href=\"https:\/\/www.ifla.org\/g\/elections\/election-results-2025\/\">official results<\/a> was the election of Dr Sofija Klarin Zadravec to the <a href=\"https:\/\/www.ifla.org\/units\/national-libraries\/\">National Libraries Section<\/a>, Matilda Justini\u0107 to the <a href=\"https:\/\/www.ifla.org\/units\/statistics-and-evaluation\/\">Statistics and Evaluation Section<\/a> and Ana Kne\u017eevi\u0107 Cerovski to the <a href=\"https:\/\/www.ifla.org\/units\/cataloguing\/\">Cataloguing Section<\/a>. Also, Dr Lobel Machala has been re-elected to the <a href=\"https:\/\/www.ifla.org\/units\/bibliography\/\">Bibliography Section<\/a> and Karolina Holub to the <a href=\"https:\/\/www.ifla.org\/units\/news-media\/\">News Media Section<\/a>, which she chairs.<\/p>\n\n\n\n<h2 class=\"wp-block-heading\"><strong><strong>NSK and its staff part of the global community of library professionals<\/strong><\/strong><\/h2>\n\n\n\n<p>Acting as the leading international organisation bringing together libraries, library associations and library and information professionals from all across the world, IFLA promotes the interests of LIS institutions and communities that they serve. The inclusion of NSK\u2019s staff in the work of IFLA\u2019s professional bodies whose members take part on a voluntary basis in shaping the guidelines, standards and strategies aimed at the development of the library profession not only serves as the evidence of the professional excellence and international reputation of the Library\u2019s staff, but also strengthens the position of all Croatian libraries and library professionals in the international context.<\/p>\n\n\n\n<figure class=\"wp-block-image size-full\"><img decoding=\"async\" width=\"1200\" height=\"675\" data-src=\"https:\/\/nsk.hr\/wp-content\/uploads\/2025\/06\/IFLA-Elections-2025_featured.webp\" alt=\"Image from the 2025 IFLA Elections campaign.\" class=\"wp-image-96638 lazyload\" data-srcset=\"https:\/\/nsk.hr\/wp-content\/uploads\/2025\/06\/IFLA-Elections-2025_featured.webp 1200w, https:\/\/nsk.hr\/wp-content\/uploads\/2025\/06\/IFLA-Elections-2025_featured-300x169.webp 300w, https:\/\/nsk.hr\/wp-content\/uploads\/2025\/06\/IFLA-Elections-2025_featured-1024x576.webp 1024w, https:\/\/nsk.hr\/wp-content\/uploads\/2025\/06\/IFLA-Elections-2025_featured-768x432.webp 768w\" data-sizes=\"(max-width: 1200px) 100vw, 1200px\" src=\"data:image\/svg+xml;base64,PHN2ZyB3aWR0aD0iMSIgaGVpZ2h0PSIxIiB4bWxucz0iaHR0cDovL3d3dy53My5vcmcvMjAwMC9zdmciPjwvc3ZnPg==\" style=\"--smush-placeholder-width: 1200px; --smush-placeholder-aspect-ratio: 1200\/675;\" \/><\/figure>\n\n\n\n<p>The participation of NSK\u2019s professionals in the activities of IFLA\u2019s bodies will certainly create new opportunities for the Library to cooperate with libraries and other heritage institutions from all around the world and make its contribution to the improvement of standards, recommendations and policies in the field of librarianship and heritage protection.<\/p>\n\n\n\n<p>Learn more about <a href=\"https:\/\/nsk.hr\/en\/tag\/international-cooperation\/\">NSK&#8217;s international cooperation initiatives<\/a>.<\/p>\n","protected":false},"excerpt":{"rendered":"<p>The participation of members of the staff of the National and University Library in Zagreb (NSK) in the work of the International Federation of&#8230;<\/p>\n","protected":false},"author":11,"featured_media":96688,"comment_status":"closed","ping_status":"open","sticky":false,"template":"","format":"standard","meta":{"_acf_changed":false,"ngg_post_thumbnail":0,"footnotes":""},"categories":[166],"tags":[713,668],"class_list":["post-96637","post","type-post","status-publish","format-standard","has-post-thumbnail","hentry","category-news","tag-ifla-2","tag-international-cooperation"],"acf":[],"yoast_head":"<!-- This site is optimized with the Yoast SEO plugin v25.4 - https:\/\/yoast.com\/wordpress\/plugins\/seo\/ -->\n<title>NSK staff elected to IFLA sections for 2025-2027 term - Nacionalna i sveu\u010dili\u0161na knji\u017enica u Zagrebu<\/title>\n<meta name=\"description\" content=\"In the 2025 IFLA elections, members of the staff of the National and University Library in Zagreb (NSK) have been elected and re-elected to several sections of the International Federation of Library Associations and Institutions (IFLA), the world\u2019s leading library institution.\" \/>\n<meta name=\"robots\" content=\"index, follow, max-snippet:-1, max-image-preview:large, max-video-preview:-1\" \/>\n<link rel=\"canonical\" href=\"https:\/\/nsk.hr\/en\/news\/nsk-staff-elected-to-ifla-sections-for-2025-2027-term\/\" \/>\n<meta property=\"og:locale\" content=\"en_US\" \/>\n<meta property=\"og:type\" content=\"article\" \/>\n<meta property=\"og:title\" content=\"NSK staff elected to IFLA sections for 2025-2027 term - Nacionalna i sveu\u010dili\u0161na knji\u017enica u Zagrebu\" \/>\n<meta property=\"og:description\" content=\"In the 2025 IFLA elections, members of the staff of the National and University Library in Zagreb (NSK) have been elected and re-elected to several sections of the International Federation of Library Associations and Institutions (IFLA), the world\u2019s leading library institution.\" \/>\n<meta property=\"og:url\" content=\"https:\/\/nsk.hr\/en\/news\/nsk-staff-elected-to-ifla-sections-for-2025-2027-term\/\" \/>\n<meta property=\"og:site_name\" content=\"Nacionalna i sveu\u010dili\u0161na knji\u017enica u Zagrebu\" \/>\n<meta property=\"article:published_time\" content=\"2025-05-13T07:29:54+00:00\" \/>\n<meta property=\"article:modified_time\" content=\"2026-01-15T10:05:42+00:00\" \/>\n<meta property=\"og:image\" content=\"https:\/\/nsk.hr\/wp-content\/uploads\/2025\/05\/NSK-staff-elected-to-IFLA-sections-for-2025-2027-term-1-scaled.png\" \/>\n\t<meta property=\"og:image:width\" content=\"1820\" \/>\n\t<meta property=\"og:image:height\" content=\"1240\" \/>\n\t<meta property=\"og:image:type\" content=\"image\/png\" \/>\n<meta name=\"author\" content=\"dlasic\" \/>\n<meta name=\"twitter:card\" content=\"summary_large_image\" \/>\n<meta name=\"twitter:label1\" content=\"Written by\" \/>\n\t<meta name=\"twitter:data1\" content=\"dlasic\" \/>\n\t<meta name=\"twitter:label2\" content=\"Est. reading time\" \/>\n\t<meta name=\"twitter:data2\" content=\"2 minutes\" \/>\n<script type=\"application\/ld+json\" class=\"yoast-schema-graph\">{\"@context\":\"https:\/\/schema.org\",\"@graph\":[{\"@type\":\"WebPage\",\"@id\":\"https:\/\/nsk.hr\/en\/news\/nsk-staff-elected-to-ifla-sections-for-2025-2027-term\/\",\"url\":\"https:\/\/nsk.hr\/en\/news\/nsk-staff-elected-to-ifla-sections-for-2025-2027-term\/\",\"name\":\"NSK staff elected to IFLA sections for 2025-2027 term - Nacionalna i sveu\u010dili\u0161na knji\u017enica u Zagrebu\",\"isPartOf\":{\"@id\":\"https:\/\/nsk.hr\/en\/#website\"},\"primaryImageOfPage\":{\"@id\":\"https:\/\/nsk.hr\/en\/news\/nsk-staff-elected-to-ifla-sections-for-2025-2027-term\/#primaryimage\"},\"image\":{\"@id\":\"https:\/\/nsk.hr\/en\/news\/nsk-staff-elected-to-ifla-sections-for-2025-2027-term\/#primaryimage\"},\"thumbnailUrl\":\"https:\/\/nsk.hr\/wp-content\/uploads\/2025\/05\/NSK-staff-elected-to-IFLA-sections-for-2025-2027-term-1-scaled.png\",\"datePublished\":\"2025-05-13T07:29:54+00:00\",\"dateModified\":\"2026-01-15T10:05:42+00:00\",\"author\":{\"@id\":\"https:\/\/nsk.hr\/en\/#\/schema\/person\/ac622a1e175d155b5815b190a18ed8bd\"},\"description\":\"In the 2025 IFLA elections, members of the staff of the National and University Library in Zagreb (NSK) have been elected and re-elected to several sections of the International Federation of Library Associations and Institutions (IFLA), the world\u2019s leading library institution.\",\"breadcrumb\":{\"@id\":\"https:\/\/nsk.hr\/en\/news\/nsk-staff-elected-to-ifla-sections-for-2025-2027-term\/#breadcrumb\"},\"inLanguage\":\"en-US\",\"potentialAction\":[{\"@type\":\"ReadAction\",\"target\":[\"https:\/\/nsk.hr\/en\/news\/nsk-staff-elected-to-ifla-sections-for-2025-2027-term\/\"]}]},{\"@type\":\"ImageObject\",\"inLanguage\":\"en-US\",\"@id\":\"https:\/\/nsk.hr\/en\/news\/nsk-staff-elected-to-ifla-sections-for-2025-2027-term\/#primaryimage\",\"url\":\"https:\/\/nsk.hr\/wp-content\/uploads\/2025\/05\/NSK-staff-elected-to-IFLA-sections-for-2025-2027-term-1-scaled.png\",\"contentUrl\":\"https:\/\/nsk.hr\/wp-content\/uploads\/2025\/05\/NSK-staff-elected-to-IFLA-sections-for-2025-2027-term-1-scaled.png\",\"width\":1820,\"height\":1240,\"caption\":\"Dr Sofija Klarin Zadravec, NSK Assistant Director General for National Library Affairs and member of the IFLA National Libraries Section, Matilda Justini\u0107, member of the NSK Croatian Institute for Librarianship and of the IFLA Statistics and Evaluation Section, Ana Kne\u017eevi\u0107 Cerovski, member of the NSK Cataloguing Department and of the IFLA Cataloguing Section, Dr Lobel Machala, Head of the NSK Croatian National Bibliography Department and member of the IFLA Bibliography Section, and Karolina Holub, Head of the NSK Croatian Digital Library Development Centre and Chair of the IFLA News Media Section.\"},{\"@type\":\"BreadcrumbList\",\"@id\":\"https:\/\/nsk.hr\/en\/news\/nsk-staff-elected-to-ifla-sections-for-2025-2027-term\/#breadcrumb\",\"itemListElement\":[{\"@type\":\"ListItem\",\"position\":1,\"name\":\"Homepage\",\"item\":\"https:\/\/nsk.hr\/en\/\"},{\"@type\":\"ListItem\",\"position\":2,\"name\":\"News\",\"item\":\"https:\/\/nsk.hr\/en\/news\/\"},{\"@type\":\"ListItem\",\"position\":3,\"name\":\"NSK staff elected to IFLA sections for 2025-2027 term\"}]},{\"@type\":\"WebSite\",\"@id\":\"https:\/\/nsk.hr\/en\/#website\",\"url\":\"https:\/\/nsk.hr\/en\/\",\"name\":\"Nacionalna i sveu\u010dili\u0161na knji\u017enica u Zagrebu\",\"description\":\"\",\"potentialAction\":[{\"@type\":\"SearchAction\",\"target\":{\"@type\":\"EntryPoint\",\"urlTemplate\":\"https:\/\/nsk.hr\/en\/?s={search_term_string}\"},\"query-input\":{\"@type\":\"PropertyValueSpecification\",\"valueRequired\":true,\"valueName\":\"search_term_string\"}}],\"inLanguage\":\"en-US\"},{\"@type\":\"Person\",\"@id\":\"https:\/\/nsk.hr\/en\/#\/schema\/person\/ac622a1e175d155b5815b190a18ed8bd\",\"name\":\"dlasic\",\"url\":\"https:\/\/nsk.hr\/en\/author\/dlasic\/\"}]}<\/script>\n<!-- \/ Yoast SEO plugin. -->","yoast_head_json":{"title":"NSK staff elected to IFLA sections for 2025-2027 term - Nacionalna i sveu\u010dili\u0161na knji\u017enica u Zagrebu","description":"In the 2025 IFLA elections, members of the staff of the National and University Library in Zagreb (NSK) have been elected and re-elected to several sections of the International Federation of Library Associations and Institutions (IFLA), the world\u2019s leading library institution.","robots":{"index":"index","follow":"follow","max-snippet":"max-snippet:-1","max-image-preview":"max-image-preview:large","max-video-preview":"max-video-preview:-1"},"canonical":"https:\/\/nsk.hr\/en\/news\/nsk-staff-elected-to-ifla-sections-for-2025-2027-term\/","og_locale":"en_US","og_type":"article","og_title":"NSK staff elected to IFLA sections for 2025-2027 term - Nacionalna i sveu\u010dili\u0161na knji\u017enica u Zagrebu","og_description":"In the 2025 IFLA elections, members of the staff of the National and University Library in Zagreb (NSK) have been elected and re-elected to several sections of the International Federation of Library Associations and Institutions (IFLA), the world\u2019s leading library institution.","og_url":"https:\/\/nsk.hr\/en\/news\/nsk-staff-elected-to-ifla-sections-for-2025-2027-term\/","og_site_name":"Nacionalna i sveu\u010dili\u0161na knji\u017enica u Zagrebu","article_published_time":"2025-05-13T07:29:54+00:00","article_modified_time":"2026-01-15T10:05:42+00:00","og_image":[{"width":1820,"height":1240,"url":"https:\/\/nsk.hr\/wp-content\/uploads\/2025\/05\/NSK-staff-elected-to-IFLA-sections-for-2025-2027-term-1-scaled.png","type":"image\/png"}],"author":"dlasic","twitter_card":"summary_large_image","twitter_misc":{"Written by":"dlasic","Est. reading time":"2 minutes"},"schema":{"@context":"https:\/\/schema.org","@graph":[{"@type":"WebPage","@id":"https:\/\/nsk.hr\/en\/news\/nsk-staff-elected-to-ifla-sections-for-2025-2027-term\/","url":"https:\/\/nsk.hr\/en\/news\/nsk-staff-elected-to-ifla-sections-for-2025-2027-term\/","name":"NSK staff elected to IFLA sections for 2025-2027 term - Nacionalna i sveu\u010dili\u0161na knji\u017enica u Zagrebu","isPartOf":{"@id":"https:\/\/nsk.hr\/en\/#website"},"primaryImageOfPage":{"@id":"https:\/\/nsk.hr\/en\/news\/nsk-staff-elected-to-ifla-sections-for-2025-2027-term\/#primaryimage"},"image":{"@id":"https:\/\/nsk.hr\/en\/news\/nsk-staff-elected-to-ifla-sections-for-2025-2027-term\/#primaryimage"},"thumbnailUrl":"https:\/\/nsk.hr\/wp-content\/uploads\/2025\/05\/NSK-staff-elected-to-IFLA-sections-for-2025-2027-term-1-scaled.png","datePublished":"2025-05-13T07:29:54+00:00","dateModified":"2026-01-15T10:05:42+00:00","author":{"@id":"https:\/\/nsk.hr\/en\/#\/schema\/person\/ac622a1e175d155b5815b190a18ed8bd"},"description":"In the 2025 IFLA elections, members of the staff of the National and University Library in Zagreb (NSK) have been elected and re-elected to several sections of the International Federation of Library Associations and Institutions (IFLA), the world\u2019s leading library institution.","breadcrumb":{"@id":"https:\/\/nsk.hr\/en\/news\/nsk-staff-elected-to-ifla-sections-for-2025-2027-term\/#breadcrumb"},"inLanguage":"en-US","potentialAction":[{"@type":"ReadAction","target":["https:\/\/nsk.hr\/en\/news\/nsk-staff-elected-to-ifla-sections-for-2025-2027-term\/"]}]},{"@type":"ImageObject","inLanguage":"en-US","@id":"https:\/\/nsk.hr\/en\/news\/nsk-staff-elected-to-ifla-sections-for-2025-2027-term\/#primaryimage","url":"https:\/\/nsk.hr\/wp-content\/uploads\/2025\/05\/NSK-staff-elected-to-IFLA-sections-for-2025-2027-term-1-scaled.png","contentUrl":"https:\/\/nsk.hr\/wp-content\/uploads\/2025\/05\/NSK-staff-elected-to-IFLA-sections-for-2025-2027-term-1-scaled.png","width":1820,"height":1240,"caption":"Dr Sofija Klarin Zadravec, NSK Assistant Director General for National Library Affairs and member of the IFLA National Libraries Section, Matilda Justini\u0107, member of the NSK Croatian Institute for Librarianship and of the IFLA Statistics and Evaluation Section, Ana Kne\u017eevi\u0107 Cerovski, member of the NSK Cataloguing Department and of the IFLA Cataloguing Section, Dr Lobel Machala, Head of the NSK Croatian National Bibliography Department and member of the IFLA Bibliography Section, and Karolina Holub, Head of the NSK Croatian Digital Library Development Centre and Chair of the IFLA News Media Section."},{"@type":"BreadcrumbList","@id":"https:\/\/nsk.hr\/en\/news\/nsk-staff-elected-to-ifla-sections-for-2025-2027-term\/#breadcrumb","itemListElement":[{"@type":"ListItem","position":1,"name":"Homepage","item":"https:\/\/nsk.hr\/en\/"},{"@type":"ListItem","position":2,"name":"News","item":"https:\/\/nsk.hr\/en\/news\/"},{"@type":"ListItem","position":3,"name":"NSK staff elected to IFLA sections for 2025-2027 term"}]},{"@type":"WebSite","@id":"https:\/\/nsk.hr\/en\/#website","url":"https:\/\/nsk.hr\/en\/","name":"Nacionalna i sveu\u010dili\u0161na knji\u017enica u Zagrebu","description":"","potentialAction":[{"@type":"SearchAction","target":{"@type":"EntryPoint","urlTemplate":"https:\/\/nsk.hr\/en\/?s={search_term_string}"},"query-input":{"@type":"PropertyValueSpecification","valueRequired":true,"valueName":"search_term_string"}}],"inLanguage":"en-US"},{"@type":"Person","@id":"https:\/\/nsk.hr\/en\/#\/schema\/person\/ac622a1e175d155b5815b190a18ed8bd","name":"dlasic","url":"https:\/\/nsk.hr\/en\/author\/dlasic\/"}]}},"_links":{"self":[{"href":"https:\/\/nsk.hr\/en\/wp-json\/wp\/v2\/posts\/96637","targetHints":{"allow":["GET"]}}],"collection":[{"href":"https:\/\/nsk.hr\/en\/wp-json\/wp\/v2\/posts"}],"about":[{"href":"https:\/\/nsk.hr\/en\/wp-json\/wp\/v2\/types\/post"}],"author":[{"embeddable":true,"href":"https:\/\/nsk.hr\/en\/wp-json\/wp\/v2\/users\/11"}],"replies":[{"embeddable":true,"href":"https:\/\/nsk.hr\/en\/wp-json\/wp\/v2\/comments?post=96637"}],"version-history":[{"count":13,"href":"https:\/\/nsk.hr\/en\/wp-json\/wp\/v2\/posts\/96637\/revisions"}],"predecessor-version":[{"id":99660,"href":"https:\/\/nsk.hr\/en\/wp-json\/wp\/v2\/posts\/96637\/revisions\/99660"}],"wp:featuredmedia":[{"embeddable":true,"href":"https:\/\/nsk.hr\/en\/wp-json\/wp\/v2\/media\/96688"}],"wp:attachment":[{"href":"https:\/\/nsk.hr\/en\/wp-json\/wp\/v2\/media?parent=96637"}],"wp:term":[{"taxonomy":"category","embeddable":true,"href":"https:\/\/nsk.hr\/en\/wp-json\/wp\/v2\/categories?post=96637"},{"taxonomy":"post_tag","embeddable":true,"href":"https:\/\/nsk.hr\/en\/wp-json\/wp\/v2\/tags?post=96637"}],"curies":[{"name":"wp","href":"https:\/\/api.w.org\/{rel}","templated":true}]}}