{"id":93215,"date":"2024-10-30T10:14:36","date_gmt":"2024-10-30T09:14:36","guid":{"rendered":"https:\/\/nsk.hr\/?p=93215"},"modified":"2024-11-27T13:19:33","modified_gmt":"2024-11-27T12:19:33","slug":"dutch-audience-meets-croatias-historiography-champion-ivan-lucic","status":"publish","type":"post","link":"https:\/\/nsk.hr\/en\/news\/dutch-audience-meets-croatias-historiography-champion-ivan-lucic\/","title":{"rendered":"Dutch audience meets Croatia\u2019s historiography champion Ivan Lu\u010di\u0107"},"content":{"rendered":"\n<p class=\"is-style-lead\">On 2 October 2024, the <a href=\"https:\/\/www.kb.nl\/en\">National Library of the Netherlands<\/a> hosted a programme organised by the Embassy of the Republic of Croatia in the Kingdom of the Netherlands spotlighting Ivan Lu\u010di\u0107 (1604-1679), Croatia\u2019s historiography champion.<\/p>\n\n\n\n<p>The programme, which was attended by the National Library Affairs Assistant to the Director General of the National and University Library in Zagreb Dr Sofija<a> Klarin Zadravec<\/a>, included presentations on Lu\u010di\u0107\u2019s work and significance by Croatian and Dutch professionals and researchers.<\/p>\n\n\n\n<h2 class=\"wp-block-heading\"><\/h2>\n\n\n\n<figure class=\"wp-block-gallery has-nested-images columns-default is-cropped wp-block-gallery-2 is-layout-flex wp-block-gallery-is-layout-flex\">\n<figure class=\"wp-block-image size-large\"><img decoding=\"async\" width=\"1002\" height=\"1024\" data-id=\"93230\" data-src=\"https:\/\/nsk.hr\/wp-content\/uploads\/2024\/10\/Dutch-audiences-meet-Croatias-historiography-champion-Ivan-Lucic-3-1002x1024.jpg\" alt=\"Assistant Professor Luka \u0160poljari\u0107 at the Dutch national library at the library\u2019s programme presenting Croatia\u2019s historiography champion Ivan Lu\u010di\u0107.\" class=\"wp-image-93230 lazyload\" data-srcset=\"https:\/\/nsk.hr\/wp-content\/uploads\/2024\/10\/Dutch-audiences-meet-Croatias-historiography-champion-Ivan-Lucic-3-1002x1024.jpg 1002w, https:\/\/nsk.hr\/wp-content\/uploads\/2024\/10\/Dutch-audiences-meet-Croatias-historiography-champion-Ivan-Lucic-3-293x300.jpg 293w, https:\/\/nsk.hr\/wp-content\/uploads\/2024\/10\/Dutch-audiences-meet-Croatias-historiography-champion-Ivan-Lucic-3-768x785.jpg 768w, https:\/\/nsk.hr\/wp-content\/uploads\/2024\/10\/Dutch-audiences-meet-Croatias-historiography-champion-Ivan-Lucic-3-1056x1080.jpg 1056w, https:\/\/nsk.hr\/wp-content\/uploads\/2024\/10\/Dutch-audiences-meet-Croatias-historiography-champion-Ivan-Lucic-3.jpg 1213w\" data-sizes=\"(max-width: 1002px) 100vw, 1002px\" src=\"data:image\/svg+xml;base64,PHN2ZyB3aWR0aD0iMSIgaGVpZ2h0PSIxIiB4bWxucz0iaHR0cDovL3d3dy53My5vcmcvMjAwMC9zdmciPjwvc3ZnPg==\" style=\"--smush-placeholder-width: 1002px; --smush-placeholder-aspect-ratio: 1002\/1024;\" \/><\/figure>\n\n\n\n<figure class=\"wp-block-image size-large\"><img decoding=\"async\" width=\"890\" height=\"782\" data-id=\"93232\" data-src=\"https:\/\/nsk.hr\/wp-content\/uploads\/2024\/10\/Dutch-audiences-meet-Croatias-historiography-champion-Ivan-Lucic-2-1.jpg\" alt=\"Curator of early printed books at the Dutch national library Esther van Gelder at library\u2019s programme presenting Croatia\u2019s historiography champion Ivan Lu\u010di\u0107.\" class=\"wp-image-93232 lazyload\" data-srcset=\"https:\/\/nsk.hr\/wp-content\/uploads\/2024\/10\/Dutch-audiences-meet-Croatias-historiography-champion-Ivan-Lucic-2-1.jpg 890w, https:\/\/nsk.hr\/wp-content\/uploads\/2024\/10\/Dutch-audiences-meet-Croatias-historiography-champion-Ivan-Lucic-2-1-300x264.jpg 300w, https:\/\/nsk.hr\/wp-content\/uploads\/2024\/10\/Dutch-audiences-meet-Croatias-historiography-champion-Ivan-Lucic-2-1-768x675.jpg 768w\" data-sizes=\"(max-width: 890px) 100vw, 890px\" src=\"data:image\/svg+xml;base64,PHN2ZyB3aWR0aD0iMSIgaGVpZ2h0PSIxIiB4bWxucz0iaHR0cDovL3d3dy53My5vcmcvMjAwMC9zdmciPjwvc3ZnPg==\" style=\"--smush-placeholder-width: 890px; --smush-placeholder-aspect-ratio: 890\/782;\" \/><\/figure>\n<\/figure>\n\n\n\n<p>Assistant Professor at the Department of History of the <a href=\"https:\/\/www.unizg.hr\/homepage\/\">University of Zagreb<\/a>\u2019s Faculty of Humanities and Social Sciences Luka \u0160poljari\u0107 shed light in his lecture on the close links between Lu\u010di\u0107 and 17<sup>th<\/sup>-century Dutch publishers and intellectuals, while cultural historian and curator of early printed books at the Dutch national library Esther van Gelder presented Lu\u010di\u0107\u2019s part in the making of <a><em>Illyricum Hodiernum<\/em><\/a>, a map which the great Dutch cartographer Joan Blaeu (1596-1673) modelled after a map by Lu\u010di\u0107 and published as part of his <em>Atlas Maior<\/em>, a masterpiece of Dutch Golden Age cartography. Richly decorated by details in gold, the map features the coats of arms of Bosnia, Dalmatia, Slavonia and Croatia and includes a dedication to Petar IV Zrinski, the 1665-1670 viceroy of Croatia (<em>ban<\/em>).<\/p>\n\n\n\n<figure class=\"wp-block-image size-large\"><img decoding=\"async\" width=\"1024\" height=\"768\" data-src=\"https:\/\/nsk.hr\/wp-content\/uploads\/2024\/10\/Joan-Blaeu-Atlas-Maior-Illyricum-Hodiernum-1024x768.jpg\" alt=\"Joan Blaeu, Atlas Maior, Illyricum Hodiernum, National Library of the Netherlands.\" class=\"wp-image-93222 lazyload\" data-srcset=\"https:\/\/nsk.hr\/wp-content\/uploads\/2024\/10\/Joan-Blaeu-Atlas-Maior-Illyricum-Hodiernum-1024x768.jpg 1024w, https:\/\/nsk.hr\/wp-content\/uploads\/2024\/10\/Joan-Blaeu-Atlas-Maior-Illyricum-Hodiernum-300x225.jpg 300w, https:\/\/nsk.hr\/wp-content\/uploads\/2024\/10\/Joan-Blaeu-Atlas-Maior-Illyricum-Hodiernum-768x576.jpg 768w, https:\/\/nsk.hr\/wp-content\/uploads\/2024\/10\/Joan-Blaeu-Atlas-Maior-Illyricum-Hodiernum-1536x1152.jpg 1536w, https:\/\/nsk.hr\/wp-content\/uploads\/2024\/10\/Joan-Blaeu-Atlas-Maior-Illyricum-Hodiernum-1440x1080.jpg 1440w, https:\/\/nsk.hr\/wp-content\/uploads\/2024\/10\/Joan-Blaeu-Atlas-Maior-Illyricum-Hodiernum.jpg 1653w\" data-sizes=\"(max-width: 1024px) 100vw, 1024px\" src=\"data:image\/svg+xml;base64,PHN2ZyB3aWR0aD0iMSIgaGVpZ2h0PSIxIiB4bWxucz0iaHR0cDovL3d3dy53My5vcmcvMjAwMC9zdmciPjwvc3ZnPg==\" style=\"--smush-placeholder-width: 1024px; --smush-placeholder-aspect-ratio: 1024\/768;\" \/><figcaption class=\"wp-element-caption\"><a><em>Illyricum Hodiernum<\/em><\/a>. <em>Atlas Maior<\/em> (17<sup>th<\/sup> c., Amsterdam). National Library of the Netherlands.<\/figcaption><\/figure>\n\n\n\n<h2 class=\"wp-block-heading\"><strong>Lu\u010di\u0107\u2019s works linking the collections of Croatian and Dutch national libraries<\/strong><\/h2>\n\n\n\n<p>A copy of <em><a href=\"https:\/\/digitalna.nsk.hr\/?pr=i&amp;id=10200\">Illyricum Hodiernum<\/a><\/em> is also held by the National and University Library in Zagreb (NSK), as part of the its <a href=\"https:\/\/nsk.hr\/en\/nsk-collections\/nsk-map-collection\/\">Map Collection<\/a> (The Novak Collection archive), while the treasures of the Dutch national library\u2019s Special Collections include Lu\u010di\u0107\u2019s major work <em>De regno Dalmatiae et Croatiae<\/em> (1666, Amsterdam), which was displayed as part of the programme.<\/p>\n\n\n\n<figure class=\"wp-block-image size-large\"><img decoding=\"async\" width=\"1024\" height=\"425\" data-src=\"https:\/\/nsk.hr\/wp-content\/uploads\/2024\/10\/Ioannis-Lucii-Dalmatini-De-regno-Dalmatiae-et-Croatiae-libri-sex.-NSK-Manuscripts-and-Old-Books-Collection-1-1024x425.png\" alt=\"Ioannis Lucii Dalmatini De regno Dalmatiae et Croatiae libri sex (1666, Amsterdam). NSK Manuscripts and Old Books Collection.\" class=\"wp-image-93241 lazyload\" data-srcset=\"https:\/\/nsk.hr\/wp-content\/uploads\/2024\/10\/Ioannis-Lucii-Dalmatini-De-regno-Dalmatiae-et-Croatiae-libri-sex.-NSK-Manuscripts-and-Old-Books-Collection-1-1024x425.png 1024w, https:\/\/nsk.hr\/wp-content\/uploads\/2024\/10\/Ioannis-Lucii-Dalmatini-De-regno-Dalmatiae-et-Croatiae-libri-sex.-NSK-Manuscripts-and-Old-Books-Collection-1-300x125.png 300w, https:\/\/nsk.hr\/wp-content\/uploads\/2024\/10\/Ioannis-Lucii-Dalmatini-De-regno-Dalmatiae-et-Croatiae-libri-sex.-NSK-Manuscripts-and-Old-Books-Collection-1-768x319.png 768w, https:\/\/nsk.hr\/wp-content\/uploads\/2024\/10\/Ioannis-Lucii-Dalmatini-De-regno-Dalmatiae-et-Croatiae-libri-sex.-NSK-Manuscripts-and-Old-Books-Collection-1.png 1043w\" data-sizes=\"(max-width: 1024px) 100vw, 1024px\" src=\"data:image\/svg+xml;base64,PHN2ZyB3aWR0aD0iMSIgaGVpZ2h0PSIxIiB4bWxucz0iaHR0cDovL3d3dy53My5vcmcvMjAwMC9zdmciPjwvc3ZnPg==\" style=\"--smush-placeholder-width: 1024px; --smush-placeholder-aspect-ratio: 1024\/425;\" \/><figcaption class=\"wp-element-caption\"><em><a href=\"https:\/\/digitalna.nsk.hr\/?pr=i&amp;id=10527\">Ioannis Lucii Dalmatini De regno Dalmatiae et Croatiae libri sex<\/a><\/em> (1666, Amsterdam). <a href=\"https:\/\/nsk.hr\/en\/nsk-collections\/nsk-manuscripts-and-old-books-collection\/\">NSK Manuscripts and Old Books Collection<\/a>.<\/figcaption><\/figure>\n\n\n\n<p>During the programme, Dr Sofija Klarin Zadravec met with her Dutch colleagues as well as with Croatian researchers, translators and writers based in the Netherlands. <\/p>\n\n\n\n<p>Also, the programme participants had the opportunity to learn more about <a href=\"https:\/\/digitalna.nsk.hr\/?pr=i&amp;id=628507\">Lu\u010di\u0107\u2019s letter collection<\/a> which in 2023 became part of the <a href=\"https:\/\/nsk.hr\/en\/nsk-collections\/nsk-manuscripts-and-old-books-collection\/\">NSK Manuscripts and Old Books Collection<\/a>, which also holds Lu\u010di\u0107\u2019s <em><a href=\"https:\/\/digitalna.nsk.hr\/?pr=i&amp;id=10527\">De regno Dalmatiae et Croatiae<\/a><\/em>.<\/p>\n\n\n\n<p><\/p>\n","protected":false},"excerpt":{"rendered":"<p>On 2 October 2024, the National Library of the Netherlands hosted a programme organised by the Embassy of the Republic of Croatia in the&#8230;<\/p>\n","protected":false},"author":11,"featured_media":93226,"comment_status":"closed","ping_status":"open","sticky":false,"template":"","format":"standard","meta":{"_acf_changed":false,"ngg_post_thumbnail":0,"footnotes":""},"categories":[166],"tags":[668,764,763,661,574,766,765],"class_list":["post-93215","post","type-post","status-publish","format-standard","has-post-thumbnail","hentry","category-news","tag-international-cooperation","tag-ivan-lucic-2","tag-national-library-of-the-netherlands","tag-nsk-manuscripts-and-old-books-collection","tag-nsk-map-collection","tag-university-of-zagreb","tag-zagreb-faculty-of-humanities-and-social-sciences"],"acf":[],"yoast_head":"<!-- This site is optimized with the Yoast SEO plugin v25.4 - https:\/\/yoast.com\/wordpress\/plugins\/seo\/ -->\n<title>Dutch audience meets Croatia\u2019s historiography champion Ivan Lu\u010di\u0107 - Nacionalna i sveu\u010dili\u0161na knji\u017enica u Zagrebu<\/title>\n<meta name=\"description\" content=\"On 2 October 2024, the National Library of the Netherlands hosted a programme organised by the Embassy of the Republic of Croatia in the Kingdom of the Netherlands spotlighting Ivan Lu\u010di\u0107 (1604-1679), Croatia\u2019s historiography champion.\" \/>\n<meta name=\"robots\" content=\"index, follow, max-snippet:-1, max-image-preview:large, max-video-preview:-1\" \/>\n<link rel=\"canonical\" href=\"https:\/\/nsk.hr\/en\/news\/dutch-audience-meets-croatias-historiography-champion-ivan-lucic\/\" \/>\n<meta property=\"og:locale\" content=\"en_US\" \/>\n<meta property=\"og:type\" content=\"article\" \/>\n<meta property=\"og:title\" content=\"Dutch audience meets Croatia\u2019s historiography champion Ivan Lu\u010di\u0107 - Nacionalna i sveu\u010dili\u0161na knji\u017enica u Zagrebu\" \/>\n<meta property=\"og:description\" content=\"On 2 October 2024, the National Library of the Netherlands hosted a programme organised by the Embassy of the Republic of Croatia in the Kingdom of the Netherlands spotlighting Ivan Lu\u010di\u0107 (1604-1679), Croatia\u2019s historiography champion.\" \/>\n<meta property=\"og:url\" content=\"https:\/\/nsk.hr\/en\/news\/dutch-audience-meets-croatias-historiography-champion-ivan-lucic\/\" \/>\n<meta property=\"og:site_name\" content=\"Nacionalna i sveu\u010dili\u0161na knji\u017enica u Zagrebu\" \/>\n<meta property=\"article:published_time\" content=\"2024-10-30T09:14:36+00:00\" \/>\n<meta property=\"article:modified_time\" content=\"2024-11-27T12:19:33+00:00\" \/>\n<meta property=\"og:image\" content=\"https:\/\/nsk.hr\/wp-content\/uploads\/2024\/10\/Dutch-audience-meets-Croatias-historiography-champion-Ivan-Lucic.png\" \/>\n\t<meta property=\"og:image:width\" content=\"1825\" \/>\n\t<meta property=\"og:image:height\" content=\"1240\" \/>\n\t<meta property=\"og:image:type\" content=\"image\/png\" \/>\n<meta name=\"author\" content=\"dlasic\" \/>\n<meta name=\"twitter:card\" content=\"summary_large_image\" \/>\n<meta name=\"twitter:label1\" content=\"Written by\" \/>\n\t<meta name=\"twitter:data1\" content=\"dlasic\" \/>\n\t<meta name=\"twitter:label2\" content=\"Est. reading time\" \/>\n\t<meta name=\"twitter:data2\" content=\"3 minutes\" \/>\n<script type=\"application\/ld+json\" class=\"yoast-schema-graph\">{\"@context\":\"https:\/\/schema.org\",\"@graph\":[{\"@type\":\"WebPage\",\"@id\":\"https:\/\/nsk.hr\/en\/news\/dutch-audience-meets-croatias-historiography-champion-ivan-lucic\/\",\"url\":\"https:\/\/nsk.hr\/en\/news\/dutch-audience-meets-croatias-historiography-champion-ivan-lucic\/\",\"name\":\"Dutch audience meets Croatia\u2019s historiography champion Ivan Lu\u010di\u0107 - Nacionalna i sveu\u010dili\u0161na knji\u017enica u Zagrebu\",\"isPartOf\":{\"@id\":\"https:\/\/nsk.hr\/en\/#website\"},\"primaryImageOfPage\":{\"@id\":\"https:\/\/nsk.hr\/en\/news\/dutch-audience-meets-croatias-historiography-champion-ivan-lucic\/#primaryimage\"},\"image\":{\"@id\":\"https:\/\/nsk.hr\/en\/news\/dutch-audience-meets-croatias-historiography-champion-ivan-lucic\/#primaryimage\"},\"thumbnailUrl\":\"https:\/\/nsk.hr\/wp-content\/uploads\/2024\/10\/Dutch-audience-meets-Croatias-historiography-champion-Ivan-Lucic.png\",\"datePublished\":\"2024-10-30T09:14:36+00:00\",\"dateModified\":\"2024-11-27T12:19:33+00:00\",\"author\":{\"@id\":\"https:\/\/nsk.hr\/en\/#\/schema\/person\/ac622a1e175d155b5815b190a18ed8bd\"},\"description\":\"On 2 October 2024, the National Library of the Netherlands hosted a programme organised by the Embassy of the Republic of Croatia in the Kingdom of the Netherlands spotlighting Ivan Lu\u010di\u0107 (1604-1679), Croatia\u2019s historiography champion.\",\"breadcrumb\":{\"@id\":\"https:\/\/nsk.hr\/en\/news\/dutch-audience-meets-croatias-historiography-champion-ivan-lucic\/#breadcrumb\"},\"inLanguage\":\"en-US\",\"potentialAction\":[{\"@type\":\"ReadAction\",\"target\":[\"https:\/\/nsk.hr\/en\/news\/dutch-audience-meets-croatias-historiography-champion-ivan-lucic\/\"]}]},{\"@type\":\"ImageObject\",\"inLanguage\":\"en-US\",\"@id\":\"https:\/\/nsk.hr\/en\/news\/dutch-audience-meets-croatias-historiography-champion-ivan-lucic\/#primaryimage\",\"url\":\"https:\/\/nsk.hr\/wp-content\/uploads\/2024\/10\/Dutch-audience-meets-Croatias-historiography-champion-Ivan-Lucic.png\",\"contentUrl\":\"https:\/\/nsk.hr\/wp-content\/uploads\/2024\/10\/Dutch-audience-meets-Croatias-historiography-champion-Ivan-Lucic.png\",\"width\":1825,\"height\":1240,\"caption\":\"Assistant Professor Luka \u0160poljari\u0107 with the visitors of the programme at the Dutch national library presenting Croatia\u2019s historiography champion Ivan Lu\u010di\u0107.\"},{\"@type\":\"BreadcrumbList\",\"@id\":\"https:\/\/nsk.hr\/en\/news\/dutch-audience-meets-croatias-historiography-champion-ivan-lucic\/#breadcrumb\",\"itemListElement\":[{\"@type\":\"ListItem\",\"position\":1,\"name\":\"Homepage\",\"item\":\"https:\/\/nsk.hr\/en\/\"},{\"@type\":\"ListItem\",\"position\":2,\"name\":\"News\",\"item\":\"https:\/\/nsk.hr\/en\/news\/\"},{\"@type\":\"ListItem\",\"position\":3,\"name\":\"Dutch audience meets Croatia\u2019s historiography champion Ivan Lu\u010di\u0107\"}]},{\"@type\":\"WebSite\",\"@id\":\"https:\/\/nsk.hr\/en\/#website\",\"url\":\"https:\/\/nsk.hr\/en\/\",\"name\":\"Nacionalna i sveu\u010dili\u0161na knji\u017enica u Zagrebu\",\"description\":\"\",\"potentialAction\":[{\"@type\":\"SearchAction\",\"target\":{\"@type\":\"EntryPoint\",\"urlTemplate\":\"https:\/\/nsk.hr\/en\/?s={search_term_string}\"},\"query-input\":{\"@type\":\"PropertyValueSpecification\",\"valueRequired\":true,\"valueName\":\"search_term_string\"}}],\"inLanguage\":\"en-US\"},{\"@type\":\"Person\",\"@id\":\"https:\/\/nsk.hr\/en\/#\/schema\/person\/ac622a1e175d155b5815b190a18ed8bd\",\"name\":\"dlasic\",\"url\":\"https:\/\/nsk.hr\/en\/author\/dlasic\/\"}]}<\/script>\n<!-- \/ Yoast SEO plugin. -->","yoast_head_json":{"title":"Dutch audience meets Croatia\u2019s historiography champion Ivan Lu\u010di\u0107 - Nacionalna i sveu\u010dili\u0161na knji\u017enica u Zagrebu","description":"On 2 October 2024, the National Library of the Netherlands hosted a programme organised by the Embassy of the Republic of Croatia in the Kingdom of the Netherlands spotlighting Ivan Lu\u010di\u0107 (1604-1679), Croatia\u2019s historiography champion.","robots":{"index":"index","follow":"follow","max-snippet":"max-snippet:-1","max-image-preview":"max-image-preview:large","max-video-preview":"max-video-preview:-1"},"canonical":"https:\/\/nsk.hr\/en\/news\/dutch-audience-meets-croatias-historiography-champion-ivan-lucic\/","og_locale":"en_US","og_type":"article","og_title":"Dutch audience meets Croatia\u2019s historiography champion Ivan Lu\u010di\u0107 - Nacionalna i sveu\u010dili\u0161na knji\u017enica u Zagrebu","og_description":"On 2 October 2024, the National Library of the Netherlands hosted a programme organised by the Embassy of the Republic of Croatia in the Kingdom of the Netherlands spotlighting Ivan Lu\u010di\u0107 (1604-1679), Croatia\u2019s historiography champion.","og_url":"https:\/\/nsk.hr\/en\/news\/dutch-audience-meets-croatias-historiography-champion-ivan-lucic\/","og_site_name":"Nacionalna i sveu\u010dili\u0161na knji\u017enica u Zagrebu","article_published_time":"2024-10-30T09:14:36+00:00","article_modified_time":"2024-11-27T12:19:33+00:00","og_image":[{"width":1825,"height":1240,"url":"https:\/\/nsk.hr\/wp-content\/uploads\/2024\/10\/Dutch-audience-meets-Croatias-historiography-champion-Ivan-Lucic.png","type":"image\/png"}],"author":"dlasic","twitter_card":"summary_large_image","twitter_misc":{"Written by":"dlasic","Est. reading time":"3 minutes"},"schema":{"@context":"https:\/\/schema.org","@graph":[{"@type":"WebPage","@id":"https:\/\/nsk.hr\/en\/news\/dutch-audience-meets-croatias-historiography-champion-ivan-lucic\/","url":"https:\/\/nsk.hr\/en\/news\/dutch-audience-meets-croatias-historiography-champion-ivan-lucic\/","name":"Dutch audience meets Croatia\u2019s historiography champion Ivan Lu\u010di\u0107 - Nacionalna i sveu\u010dili\u0161na knji\u017enica u Zagrebu","isPartOf":{"@id":"https:\/\/nsk.hr\/en\/#website"},"primaryImageOfPage":{"@id":"https:\/\/nsk.hr\/en\/news\/dutch-audience-meets-croatias-historiography-champion-ivan-lucic\/#primaryimage"},"image":{"@id":"https:\/\/nsk.hr\/en\/news\/dutch-audience-meets-croatias-historiography-champion-ivan-lucic\/#primaryimage"},"thumbnailUrl":"https:\/\/nsk.hr\/wp-content\/uploads\/2024\/10\/Dutch-audience-meets-Croatias-historiography-champion-Ivan-Lucic.png","datePublished":"2024-10-30T09:14:36+00:00","dateModified":"2024-11-27T12:19:33+00:00","author":{"@id":"https:\/\/nsk.hr\/en\/#\/schema\/person\/ac622a1e175d155b5815b190a18ed8bd"},"description":"On 2 October 2024, the National Library of the Netherlands hosted a programme organised by the Embassy of the Republic of Croatia in the Kingdom of the Netherlands spotlighting Ivan Lu\u010di\u0107 (1604-1679), Croatia\u2019s historiography champion.","breadcrumb":{"@id":"https:\/\/nsk.hr\/en\/news\/dutch-audience-meets-croatias-historiography-champion-ivan-lucic\/#breadcrumb"},"inLanguage":"en-US","potentialAction":[{"@type":"ReadAction","target":["https:\/\/nsk.hr\/en\/news\/dutch-audience-meets-croatias-historiography-champion-ivan-lucic\/"]}]},{"@type":"ImageObject","inLanguage":"en-US","@id":"https:\/\/nsk.hr\/en\/news\/dutch-audience-meets-croatias-historiography-champion-ivan-lucic\/#primaryimage","url":"https:\/\/nsk.hr\/wp-content\/uploads\/2024\/10\/Dutch-audience-meets-Croatias-historiography-champion-Ivan-Lucic.png","contentUrl":"https:\/\/nsk.hr\/wp-content\/uploads\/2024\/10\/Dutch-audience-meets-Croatias-historiography-champion-Ivan-Lucic.png","width":1825,"height":1240,"caption":"Assistant Professor Luka \u0160poljari\u0107 with the visitors of the programme at the Dutch national library presenting Croatia\u2019s historiography champion Ivan Lu\u010di\u0107."},{"@type":"BreadcrumbList","@id":"https:\/\/nsk.hr\/en\/news\/dutch-audience-meets-croatias-historiography-champion-ivan-lucic\/#breadcrumb","itemListElement":[{"@type":"ListItem","position":1,"name":"Homepage","item":"https:\/\/nsk.hr\/en\/"},{"@type":"ListItem","position":2,"name":"News","item":"https:\/\/nsk.hr\/en\/news\/"},{"@type":"ListItem","position":3,"name":"Dutch audience meets Croatia\u2019s historiography champion Ivan Lu\u010di\u0107"}]},{"@type":"WebSite","@id":"https:\/\/nsk.hr\/en\/#website","url":"https:\/\/nsk.hr\/en\/","name":"Nacionalna i sveu\u010dili\u0161na knji\u017enica u Zagrebu","description":"","potentialAction":[{"@type":"SearchAction","target":{"@type":"EntryPoint","urlTemplate":"https:\/\/nsk.hr\/en\/?s={search_term_string}"},"query-input":{"@type":"PropertyValueSpecification","valueRequired":true,"valueName":"search_term_string"}}],"inLanguage":"en-US"},{"@type":"Person","@id":"https:\/\/nsk.hr\/en\/#\/schema\/person\/ac622a1e175d155b5815b190a18ed8bd","name":"dlasic","url":"https:\/\/nsk.hr\/en\/author\/dlasic\/"}]}},"_links":{"self":[{"href":"https:\/\/nsk.hr\/en\/wp-json\/wp\/v2\/posts\/93215","targetHints":{"allow":["GET"]}}],"collection":[{"href":"https:\/\/nsk.hr\/en\/wp-json\/wp\/v2\/posts"}],"about":[{"href":"https:\/\/nsk.hr\/en\/wp-json\/wp\/v2\/types\/post"}],"author":[{"embeddable":true,"href":"https:\/\/nsk.hr\/en\/wp-json\/wp\/v2\/users\/11"}],"replies":[{"embeddable":true,"href":"https:\/\/nsk.hr\/en\/wp-json\/wp\/v2\/comments?post=93215"}],"version-history":[{"count":7,"href":"https:\/\/nsk.hr\/en\/wp-json\/wp\/v2\/posts\/93215\/revisions"}],"predecessor-version":[{"id":93246,"href":"https:\/\/nsk.hr\/en\/wp-json\/wp\/v2\/posts\/93215\/revisions\/93246"}],"wp:featuredmedia":[{"embeddable":true,"href":"https:\/\/nsk.hr\/en\/wp-json\/wp\/v2\/media\/93226"}],"wp:attachment":[{"href":"https:\/\/nsk.hr\/en\/wp-json\/wp\/v2\/media?parent=93215"}],"wp:term":[{"taxonomy":"category","embeddable":true,"href":"https:\/\/nsk.hr\/en\/wp-json\/wp\/v2\/categories?post=93215"},{"taxonomy":"post_tag","embeddable":true,"href":"https:\/\/nsk.hr\/en\/wp-json\/wp\/v2\/tags?post=93215"}],"curies":[{"name":"wp","href":"https:\/\/api.w.org\/{rel}","templated":true}]}}