{"id":93078,"date":"2024-10-24T10:25:19","date_gmt":"2024-10-24T08:25:19","guid":{"rendered":"https:\/\/nsk.hr\/?p=93078"},"modified":"2025-07-15T10:49:24","modified_gmt":"2025-07-15T08:49:24","slug":"nsk-director-general-dr-stricevic-at-cenl-meeting-at-austrian-national-library","status":"publish","type":"post","link":"https:\/\/nsk.hr\/en\/news\/nsk-director-general-dr-stricevic-at-cenl-meeting-at-austrian-national-library\/","title":{"rendered":"NSK Director General Professor Stri\u010devi\u0107 at CENL Executive Committee meeting at Austrian National Library"},"content":{"rendered":"\n<p class=\"is-style-lead\">The Director General of NSK, the National and University Library in Zagreb, <a href=\"https:\/\/nsk.hr\/en\/news\/dr-ivanka-stricevic-takes-office-for-her-second-term-as-nsk-director-general\/\">Professor Ivanka Stri\u010devi\u0107<\/a> took part in the latest meeting of the Executive Committee of the <a href=\"https:\/\/www.cenl.org\/\">Conference of European National Librarians (CENL)<\/a>, hosted by the <a href=\"https:\/\/www.onb.ac.at\/en\/\">Austrian National Library<\/a> on 14 and 15 October 2024.<\/p>\n\n\n\n<p>In her <a href=\"https:\/\/nsk.hr\/en\/news\/second-term-of-nsk-director-general-dr-stricevic-as-member-of-cenl-executive-committee\/\">second consecutive term as a member of the CENL Executive Committee<\/a>, NSK Director General Professor Stri\u010devi\u0107 met with other Committee\u2019s members to analyse the Conference activities. Apart from examining the reports on the projects currently funded by the Conference, the meeting participants discussed the upcoming CENL projects and defined themes which will be the focus of the 39<sup>th<\/sup> CENL Annual General Meeting, scheduled to take place between 15 and 17 June 2025 at the <a href=\"https:\/\/www.nls.uk\/\">National Library of Scotland<\/a>.<\/p>\n\n\n\n<h2 class=\"wp-block-heading\"><strong>CENL member libraries partnering up in heritage preservation and rising to social challenges<\/strong><\/h2>\n\n\n\n<p>Also, the programme of the meeting included the assessment of the results of CENL\u2019s survey into strategies for mitigating risks that national libraries are facing as well as debates on the impact on libraries of the rising social phenomena and rapidly developing technologies, such as artificial intelligence. <\/p>\n\n\n\n<p>CENL, which brings together 46 European national libraries and regularly meets to keep its activities up to date with the developments in the European national library sector, aims to strengthen the cooperation between Europe\u2019s national libraries, promote their activities and valuable cultural heritage preserved in their collections and spotlight their vital role in responding to crises brought about by global social developments.<\/p>\n","protected":false},"excerpt":{"rendered":"<p>The Director General of NSK, the National and University Library in Zagreb, Professor Ivanka Stri\u010devi\u0107 took part in the latest meeting of the Executive&#8230;<\/p>\n","protected":false},"author":11,"featured_media":93079,"comment_status":"closed","ping_status":"open","sticky":false,"template":"","format":"standard","meta":{"_acf_changed":false,"ngg_post_thumbnail":0,"footnotes":""},"categories":[166],"tags":[707,636,471],"class_list":["post-93078","post","type-post","status-publish","format-standard","has-post-thumbnail","hentry","category-news","tag-austrian-national-library","tag-cenl-2","tag-nsk-director-general"],"acf":[],"yoast_head":"<!-- This site is optimized with the Yoast SEO plugin v25.4 - https:\/\/yoast.com\/wordpress\/plugins\/seo\/ -->\n<title>NSK Director General Professor Stri\u010devi\u0107 at CENL Executive Committee meeting at Austrian National Library - Nacionalna i sveu\u010dili\u0161na knji\u017enica u Zagrebu<\/title>\n<meta name=\"description\" content=\"On 14 and 15 October 2024, the Director General of NSK, the National and University Library in Zagreb, Professor Ivanka Stri\u010devi\u0107 took part in the meeting of the Conference of European National Librarians (CENL) hosted by the Austrian National Library.\" \/>\n<meta name=\"robots\" content=\"index, follow, max-snippet:-1, max-image-preview:large, max-video-preview:-1\" \/>\n<link rel=\"canonical\" href=\"https:\/\/nsk.hr\/en\/news\/nsk-director-general-dr-stricevic-at-cenl-meeting-at-austrian-national-library\/\" \/>\n<meta property=\"og:locale\" content=\"en_US\" \/>\n<meta property=\"og:type\" content=\"article\" \/>\n<meta property=\"og:title\" content=\"NSK Director General Professor Stri\u010devi\u0107 at CENL Executive Committee meeting at Austrian National Library - Nacionalna i sveu\u010dili\u0161na knji\u017enica u Zagrebu\" \/>\n<meta property=\"og:description\" content=\"On 14 and 15 October 2024, the Director General of NSK, the National and University Library in Zagreb, Professor Ivanka Stri\u010devi\u0107 took part in the meeting of the Conference of European National Librarians (CENL) hosted by the Austrian National Library.\" \/>\n<meta property=\"og:url\" content=\"https:\/\/nsk.hr\/en\/news\/nsk-director-general-dr-stricevic-at-cenl-meeting-at-austrian-national-library\/\" \/>\n<meta property=\"og:site_name\" content=\"Nacionalna i sveu\u010dili\u0161na knji\u017enica u Zagrebu\" \/>\n<meta property=\"article:published_time\" content=\"2024-10-24T08:25:19+00:00\" \/>\n<meta property=\"article:modified_time\" content=\"2025-07-15T08:49:24+00:00\" \/>\n<meta property=\"og:image\" content=\"https:\/\/nsk.hr\/wp-content\/uploads\/2024\/10\/2024-CENL-Meeting-Austrian-National-Library.jpg\" \/>\n\t<meta property=\"og:image:width\" content=\"640\" \/>\n\t<meta property=\"og:image:height\" content=\"480\" \/>\n\t<meta property=\"og:image:type\" content=\"image\/jpeg\" \/>\n<meta name=\"author\" content=\"dlasic\" \/>\n<meta name=\"twitter:card\" content=\"summary_large_image\" \/>\n<meta name=\"twitter:label1\" content=\"Written by\" \/>\n\t<meta name=\"twitter:data1\" content=\"dlasic\" \/>\n\t<meta name=\"twitter:label2\" content=\"Est. reading time\" \/>\n\t<meta name=\"twitter:data2\" content=\"2 minutes\" \/>\n<script type=\"application\/ld+json\" class=\"yoast-schema-graph\">{\"@context\":\"https:\/\/schema.org\",\"@graph\":[{\"@type\":\"WebPage\",\"@id\":\"https:\/\/nsk.hr\/en\/news\/nsk-director-general-dr-stricevic-at-cenl-meeting-at-austrian-national-library\/\",\"url\":\"https:\/\/nsk.hr\/en\/news\/nsk-director-general-dr-stricevic-at-cenl-meeting-at-austrian-national-library\/\",\"name\":\"NSK Director General Professor Stri\u010devi\u0107 at CENL Executive Committee meeting at Austrian National Library - Nacionalna i sveu\u010dili\u0161na knji\u017enica u Zagrebu\",\"isPartOf\":{\"@id\":\"https:\/\/nsk.hr\/en\/#website\"},\"primaryImageOfPage\":{\"@id\":\"https:\/\/nsk.hr\/en\/news\/nsk-director-general-dr-stricevic-at-cenl-meeting-at-austrian-national-library\/#primaryimage\"},\"image\":{\"@id\":\"https:\/\/nsk.hr\/en\/news\/nsk-director-general-dr-stricevic-at-cenl-meeting-at-austrian-national-library\/#primaryimage\"},\"thumbnailUrl\":\"https:\/\/nsk.hr\/wp-content\/uploads\/2024\/10\/2024-CENL-Meeting-Austrian-National-Library.jpg\",\"datePublished\":\"2024-10-24T08:25:19+00:00\",\"dateModified\":\"2025-07-15T08:49:24+00:00\",\"author\":{\"@id\":\"https:\/\/nsk.hr\/en\/#\/schema\/person\/ac622a1e175d155b5815b190a18ed8bd\"},\"description\":\"On 14 and 15 October 2024, the Director General of NSK, the National and University Library in Zagreb, Professor Ivanka Stri\u010devi\u0107 took part in the meeting of the Conference of European National Librarians (CENL) hosted by the Austrian National Library.\",\"breadcrumb\":{\"@id\":\"https:\/\/nsk.hr\/en\/news\/nsk-director-general-dr-stricevic-at-cenl-meeting-at-austrian-national-library\/#breadcrumb\"},\"inLanguage\":\"en-US\",\"potentialAction\":[{\"@type\":\"ReadAction\",\"target\":[\"https:\/\/nsk.hr\/en\/news\/nsk-director-general-dr-stricevic-at-cenl-meeting-at-austrian-national-library\/\"]}]},{\"@type\":\"ImageObject\",\"inLanguage\":\"en-US\",\"@id\":\"https:\/\/nsk.hr\/en\/news\/nsk-director-general-dr-stricevic-at-cenl-meeting-at-austrian-national-library\/#primaryimage\",\"url\":\"https:\/\/nsk.hr\/wp-content\/uploads\/2024\/10\/2024-CENL-Meeting-Austrian-National-Library.jpg\",\"contentUrl\":\"https:\/\/nsk.hr\/wp-content\/uploads\/2024\/10\/2024-CENL-Meeting-Austrian-National-Library.jpg\",\"width\":640,\"height\":480,\"caption\":\"NSK Director General Prof Ivanka Stri\u010devi\u0107 (fifth left) at the 2024 CENL Executive Committee meeting hosted by the Austrian National Library.\"},{\"@type\":\"BreadcrumbList\",\"@id\":\"https:\/\/nsk.hr\/en\/news\/nsk-director-general-dr-stricevic-at-cenl-meeting-at-austrian-national-library\/#breadcrumb\",\"itemListElement\":[{\"@type\":\"ListItem\",\"position\":1,\"name\":\"Homepage\",\"item\":\"https:\/\/nsk.hr\/en\/\"},{\"@type\":\"ListItem\",\"position\":2,\"name\":\"News\",\"item\":\"https:\/\/nsk.hr\/en\/news\/\"},{\"@type\":\"ListItem\",\"position\":3,\"name\":\"NSK Director General Professor Stri\u010devi\u0107 at CENL Executive Committee meeting at Austrian National Library\"}]},{\"@type\":\"WebSite\",\"@id\":\"https:\/\/nsk.hr\/en\/#website\",\"url\":\"https:\/\/nsk.hr\/en\/\",\"name\":\"Nacionalna i sveu\u010dili\u0161na knji\u017enica u Zagrebu\",\"description\":\"\",\"potentialAction\":[{\"@type\":\"SearchAction\",\"target\":{\"@type\":\"EntryPoint\",\"urlTemplate\":\"https:\/\/nsk.hr\/en\/?s={search_term_string}\"},\"query-input\":{\"@type\":\"PropertyValueSpecification\",\"valueRequired\":true,\"valueName\":\"search_term_string\"}}],\"inLanguage\":\"en-US\"},{\"@type\":\"Person\",\"@id\":\"https:\/\/nsk.hr\/en\/#\/schema\/person\/ac622a1e175d155b5815b190a18ed8bd\",\"name\":\"dlasic\",\"url\":\"https:\/\/nsk.hr\/en\/author\/dlasic\/\"}]}<\/script>\n<!-- \/ Yoast SEO plugin. -->","yoast_head_json":{"title":"NSK Director General Professor Stri\u010devi\u0107 at CENL Executive Committee meeting at Austrian National Library - Nacionalna i sveu\u010dili\u0161na knji\u017enica u Zagrebu","description":"On 14 and 15 October 2024, the Director General of NSK, the National and University Library in Zagreb, Professor Ivanka Stri\u010devi\u0107 took part in the meeting of the Conference of European National Librarians (CENL) hosted by the Austrian National Library.","robots":{"index":"index","follow":"follow","max-snippet":"max-snippet:-1","max-image-preview":"max-image-preview:large","max-video-preview":"max-video-preview:-1"},"canonical":"https:\/\/nsk.hr\/en\/news\/nsk-director-general-dr-stricevic-at-cenl-meeting-at-austrian-national-library\/","og_locale":"en_US","og_type":"article","og_title":"NSK Director General Professor Stri\u010devi\u0107 at CENL Executive Committee meeting at Austrian National Library - Nacionalna i sveu\u010dili\u0161na knji\u017enica u Zagrebu","og_description":"On 14 and 15 October 2024, the Director General of NSK, the National and University Library in Zagreb, Professor Ivanka Stri\u010devi\u0107 took part in the meeting of the Conference of European National Librarians (CENL) hosted by the Austrian National Library.","og_url":"https:\/\/nsk.hr\/en\/news\/nsk-director-general-dr-stricevic-at-cenl-meeting-at-austrian-national-library\/","og_site_name":"Nacionalna i sveu\u010dili\u0161na knji\u017enica u Zagrebu","article_published_time":"2024-10-24T08:25:19+00:00","article_modified_time":"2025-07-15T08:49:24+00:00","og_image":[{"width":640,"height":480,"url":"https:\/\/nsk.hr\/wp-content\/uploads\/2024\/10\/2024-CENL-Meeting-Austrian-National-Library.jpg","type":"image\/jpeg"}],"author":"dlasic","twitter_card":"summary_large_image","twitter_misc":{"Written by":"dlasic","Est. reading time":"2 minutes"},"schema":{"@context":"https:\/\/schema.org","@graph":[{"@type":"WebPage","@id":"https:\/\/nsk.hr\/en\/news\/nsk-director-general-dr-stricevic-at-cenl-meeting-at-austrian-national-library\/","url":"https:\/\/nsk.hr\/en\/news\/nsk-director-general-dr-stricevic-at-cenl-meeting-at-austrian-national-library\/","name":"NSK Director General Professor Stri\u010devi\u0107 at CENL Executive Committee meeting at Austrian National Library - Nacionalna i sveu\u010dili\u0161na knji\u017enica u Zagrebu","isPartOf":{"@id":"https:\/\/nsk.hr\/en\/#website"},"primaryImageOfPage":{"@id":"https:\/\/nsk.hr\/en\/news\/nsk-director-general-dr-stricevic-at-cenl-meeting-at-austrian-national-library\/#primaryimage"},"image":{"@id":"https:\/\/nsk.hr\/en\/news\/nsk-director-general-dr-stricevic-at-cenl-meeting-at-austrian-national-library\/#primaryimage"},"thumbnailUrl":"https:\/\/nsk.hr\/wp-content\/uploads\/2024\/10\/2024-CENL-Meeting-Austrian-National-Library.jpg","datePublished":"2024-10-24T08:25:19+00:00","dateModified":"2025-07-15T08:49:24+00:00","author":{"@id":"https:\/\/nsk.hr\/en\/#\/schema\/person\/ac622a1e175d155b5815b190a18ed8bd"},"description":"On 14 and 15 October 2024, the Director General of NSK, the National and University Library in Zagreb, Professor Ivanka Stri\u010devi\u0107 took part in the meeting of the Conference of European National Librarians (CENL) hosted by the Austrian National Library.","breadcrumb":{"@id":"https:\/\/nsk.hr\/en\/news\/nsk-director-general-dr-stricevic-at-cenl-meeting-at-austrian-national-library\/#breadcrumb"},"inLanguage":"en-US","potentialAction":[{"@type":"ReadAction","target":["https:\/\/nsk.hr\/en\/news\/nsk-director-general-dr-stricevic-at-cenl-meeting-at-austrian-national-library\/"]}]},{"@type":"ImageObject","inLanguage":"en-US","@id":"https:\/\/nsk.hr\/en\/news\/nsk-director-general-dr-stricevic-at-cenl-meeting-at-austrian-national-library\/#primaryimage","url":"https:\/\/nsk.hr\/wp-content\/uploads\/2024\/10\/2024-CENL-Meeting-Austrian-National-Library.jpg","contentUrl":"https:\/\/nsk.hr\/wp-content\/uploads\/2024\/10\/2024-CENL-Meeting-Austrian-National-Library.jpg","width":640,"height":480,"caption":"NSK Director General Prof Ivanka Stri\u010devi\u0107 (fifth left) at the 2024 CENL Executive Committee meeting hosted by the Austrian National Library."},{"@type":"BreadcrumbList","@id":"https:\/\/nsk.hr\/en\/news\/nsk-director-general-dr-stricevic-at-cenl-meeting-at-austrian-national-library\/#breadcrumb","itemListElement":[{"@type":"ListItem","position":1,"name":"Homepage","item":"https:\/\/nsk.hr\/en\/"},{"@type":"ListItem","position":2,"name":"News","item":"https:\/\/nsk.hr\/en\/news\/"},{"@type":"ListItem","position":3,"name":"NSK Director General Professor Stri\u010devi\u0107 at CENL Executive Committee meeting at Austrian National Library"}]},{"@type":"WebSite","@id":"https:\/\/nsk.hr\/en\/#website","url":"https:\/\/nsk.hr\/en\/","name":"Nacionalna i sveu\u010dili\u0161na knji\u017enica u Zagrebu","description":"","potentialAction":[{"@type":"SearchAction","target":{"@type":"EntryPoint","urlTemplate":"https:\/\/nsk.hr\/en\/?s={search_term_string}"},"query-input":{"@type":"PropertyValueSpecification","valueRequired":true,"valueName":"search_term_string"}}],"inLanguage":"en-US"},{"@type":"Person","@id":"https:\/\/nsk.hr\/en\/#\/schema\/person\/ac622a1e175d155b5815b190a18ed8bd","name":"dlasic","url":"https:\/\/nsk.hr\/en\/author\/dlasic\/"}]}},"_links":{"self":[{"href":"https:\/\/nsk.hr\/en\/wp-json\/wp\/v2\/posts\/93078","targetHints":{"allow":["GET"]}}],"collection":[{"href":"https:\/\/nsk.hr\/en\/wp-json\/wp\/v2\/posts"}],"about":[{"href":"https:\/\/nsk.hr\/en\/wp-json\/wp\/v2\/types\/post"}],"author":[{"embeddable":true,"href":"https:\/\/nsk.hr\/en\/wp-json\/wp\/v2\/users\/11"}],"replies":[{"embeddable":true,"href":"https:\/\/nsk.hr\/en\/wp-json\/wp\/v2\/comments?post=93078"}],"version-history":[{"count":5,"href":"https:\/\/nsk.hr\/en\/wp-json\/wp\/v2\/posts\/93078\/revisions"}],"predecessor-version":[{"id":97221,"href":"https:\/\/nsk.hr\/en\/wp-json\/wp\/v2\/posts\/93078\/revisions\/97221"}],"wp:featuredmedia":[{"embeddable":true,"href":"https:\/\/nsk.hr\/en\/wp-json\/wp\/v2\/media\/93079"}],"wp:attachment":[{"href":"https:\/\/nsk.hr\/en\/wp-json\/wp\/v2\/media?parent=93078"}],"wp:term":[{"taxonomy":"category","embeddable":true,"href":"https:\/\/nsk.hr\/en\/wp-json\/wp\/v2\/categories?post=93078"},{"taxonomy":"post_tag","embeddable":true,"href":"https:\/\/nsk.hr\/en\/wp-json\/wp\/v2\/tags?post=93078"}],"curies":[{"name":"wp","href":"https:\/\/api.w.org\/{rel}","templated":true}]}}