{"id":92137,"date":"2024-06-21T10:31:01","date_gmt":"2024-06-21T08:31:01","guid":{"rendered":"https:\/\/nsk.hr\/?p=92137"},"modified":"2025-09-18T12:41:34","modified_gmt":"2025-09-18T10:41:34","slug":"exhibition-commemorating-marco-antonio-de-dominis-the-unforgotten-croatian-genius","status":"publish","type":"post","link":"https:\/\/nsk.hr\/en\/events\/exhibition-commemorating-marco-antonio-de-dominis-the-unforgotten-croatian-genius\/","title":{"rendered":"\u201cMarco Antonio de Dominis: A Visionary\u2019s Perspective\u201d: Commemorating the unforgotten Croatian genius"},"content":{"rendered":"\n<p class=\"is-style-lead\">From 15 to 29 October 2024, the National and University Library in Zagreb (NSK) will be hosting <em>Marco Antonio de Dominis: A Visionary\u2019s Perspective<\/em>, an exhibition spotlighting an outstanding Croatian theologian, philosopher and scholar at the turn of the 17<sup>th<\/sup> century and a distinguished member of Europe\u2019s high society at the time whose legacy transcends the boundaries of Croatian cultural heritage.<\/p>\n\n\n<section  class=\"block-section two-columns-block has-2-col\">\n    <div class=\"container\">\n\n        \n        <div class=\"two-columns-block__container\">\n\n            <div class=\"two-columns-block__column richText\">\n                                    <h3>Opening<\/h3>\n                                <p>15 October 2024, 12.00<\/p>\n            <\/div><!-- .col-1 -->\n\n                            <div class=\"two-columns-block__column richText\">\n                                                                        <h3>Location<\/h3>\n                                                <p>Grand lobby<\/p>\n                    \n                <\/div><!-- .col-2 -->\n            \n        <\/div>\n\n    <\/div>\n<\/section>\n\n\n<p>Marking the 400<sup>th<\/sup> anniversary of the death of Marco Antonio de Dominis, one of the greatest intellectual figures of both Croatian and European cultural heritage, and the 130<sup>th<\/sup> anniversary of the founding of the <a href=\"https:\/\/nsk.hr\/en\/nsk-collections\/nsk-manuscripts-and-old-books-collection\/\">NSK Manuscripts and Old Books Collection<\/a>, the <em>Marco Antonio de Dominis: A Visionary\u2019s Perspective<\/em> exhibition is jointly being organised by the Library, <a href=\"https:\/\/www.info.hazu.hr\/en\/\">Croatian Academy of Sciences and Arts<\/a> (CASA) and <a href=\"https:\/\/www.sveti-jeronim.org\/\">Pontifical Croatian College of St. Jerome in Rome<\/a> as part of the Academy\u2019s project aimed at the popularisation of Croatian cultural heritage (<em><a href=\"https:\/\/www.info.hazu.hr\/en\/2024\/03\/predstavljanje-projekta-upoznajmo-hrvatsku-znanstvenu-bastinu-na-sveucilistu-macquarie-u-sydneyu\/\">Upoznajmo hrvatsku znanstvenu ba\u0161tinu<\/a><\/em>).<\/p>\n\n\n\n<h2 class=\"wp-block-heading\"><strong>Works of a true Renaissance man \u2013 the pride of the NSK Manuscripts and Old Books Collection<\/strong><\/h2>\n\n\n\n<p>Among Croatia\u2019s notable humanists, Dominis (born 1560, Rab, Croatia\u2014died 8 September 1624, Rome) stands out not only in terms of the versatility of his work, but also in terms of the out-of-the-ordinary story of his life and the high places in 17<sup>th<\/sup>-century Europe\u2019s diplomatic, political and ecclesiastical hierarchy to which it led him. The exhibition will shed light on his influence as a member of the European elites of his time and provide insight into many details of his remarkable life and the circumstances and events which eventually led to its tragic end. <\/p>\n\n\n\n<figure class=\"wp-block-image size-large\"><img decoding=\"async\" width=\"1024\" height=\"678\" data-src=\"https:\/\/nsk.hr\/wp-content\/uploads\/2024\/07\/Dominis-De-radiis-visus-1611-NSK-Manuscripts-and-Old-Books-Collection-1024x678.png\" alt=\"\u201cDe radiis visus et lucis in vitris perspectivis et iride\u201d (1611), by Marco Antionio de Dominis. NSK Manuscripts and Old Books Collection.\" class=\"wp-image-92140 lazyload\" data-srcset=\"https:\/\/nsk.hr\/wp-content\/uploads\/2024\/07\/Dominis-De-radiis-visus-1611-NSK-Manuscripts-and-Old-Books-Collection-1024x678.png 1024w, https:\/\/nsk.hr\/wp-content\/uploads\/2024\/07\/Dominis-De-radiis-visus-1611-NSK-Manuscripts-and-Old-Books-Collection-300x199.png 300w, https:\/\/nsk.hr\/wp-content\/uploads\/2024\/07\/Dominis-De-radiis-visus-1611-NSK-Manuscripts-and-Old-Books-Collection-768x509.png 768w, https:\/\/nsk.hr\/wp-content\/uploads\/2024\/07\/Dominis-De-radiis-visus-1611-NSK-Manuscripts-and-Old-Books-Collection.png 1339w\" data-sizes=\"(max-width: 1024px) 100vw, 1024px\" src=\"data:image\/svg+xml;base64,PHN2ZyB3aWR0aD0iMSIgaGVpZ2h0PSIxIiB4bWxucz0iaHR0cDovL3d3dy53My5vcmcvMjAwMC9zdmciPjwvc3ZnPg==\" style=\"--smush-placeholder-width: 1024px; --smush-placeholder-aspect-ratio: 1024\/678;\" \/><figcaption class=\"wp-element-caption\"><em><a href=\"https:\/\/digitalna.nsk.hr\/?pr=i&amp;id=10526\">De radiis visus et lucis in vitris perspectivis et iride<\/a><\/em>, the 1611 groundbreaking work by Marco Antonio de Dominis in the field of physics. <a href=\"https:\/\/nsk.hr\/en\/nsk-collections\/nsk-manuscripts-and-old-books-collection\/\">NSK Manuscripts and Old Books Collection<\/a>.<\/figcaption><\/figure>\n\n\n\n<p>Authored by the Senior Research Associate at the Division for the History of Natural and Mathematical Sciences at the CASA <a href=\"https:\/\/www.info.hazu.hr\/en\/jedinice\/zavod-za-povijest-i-filozofiju-znanosti\/\">Institute for the History and Philosophy of Science<\/a> Dr Marijana Bori\u0107, the exhibition will feature valuable resources by and related to Dominis, including those associated with his major <a href=\"https:\/\/katalog.nsk.hr\/F\/?func=direct&amp;doc_number=000179488\">philosophical<\/a> and <a href=\"https:\/\/digitalna.nsk.hr\/?pr=i&amp;id=10526\">scientific<\/a> works held as part of the Library\u2019s Manuscripts and Old Books Collection, founded in 1894 as the oldest among the <a href=\"https:\/\/nsk.hr\/en\/nsk-collections\/\">NSK collections<\/a>.<\/p>\n\n\n\n<p>Apart from multimedia and interactive content, artwork inspired by Dominis and educational games thematising his life and achievements, the exhibition programme will include the screening of the <a href=\"https:\/\/www.hrt.hr\/\">Croatian Radio Television<\/a>\u2019s documentary series on Dominis, which will be held in the Library\u2019s side lobby as part of the exhibition\u2019s opening, on 15 October 2024, starting at 13.00.<\/p>\n","protected":false},"excerpt":{"rendered":"<p>From 15 to 29 October 2024, the National and University Library in Zagreb (NSK) will be hosting Marco Antonio de Dominis: A Visionary\u2019s Perspective,&#8230;<\/p>\n","protected":false},"author":11,"featured_media":92138,"comment_status":"closed","ping_status":"open","sticky":false,"template":"","format":"standard","meta":{"_acf_changed":false,"ngg_post_thumbnail":0,"footnotes":""},"categories":[158],"tags":[643,365,644,980],"class_list":["post-92137","post","type-post","status-publish","format-standard","has-post-thumbnail","hentry","category-events","tag-130-years-of-the-nsk-manuscripts-and-old-books-collection","tag-exhibition","tag-marco-antonio-de-dominis","tag-nsk-events"],"acf":[],"yoast_head":"<!-- This site is optimized with the Yoast SEO plugin v25.4 - https:\/\/yoast.com\/wordpress\/plugins\/seo\/ -->\n<title>\u201cMarco Antonio de Dominis: A Visionary\u2019s Perspective\u201d: Commemorating the unforgotten Croatian genius - Nacionalna i sveu\u010dili\u0161na knji\u017enica u Zagrebu<\/title>\n<meta name=\"description\" content=\"From 15 to 29 October 2024, the National and University Library in Zagreb (NSK) will be hosting an exhibition spotlighting Marco Antonio de Dominis, an outstanding Croatian and European theologian, philosopher and scholar at the turn of the 17th century.\" \/>\n<meta name=\"robots\" content=\"index, follow, max-snippet:-1, max-image-preview:large, max-video-preview:-1\" \/>\n<link rel=\"canonical\" href=\"https:\/\/nsk.hr\/en\/events\/exhibition-commemorating-marco-antonio-de-dominis-the-unforgotten-croatian-genius\/\" \/>\n<meta property=\"og:locale\" content=\"en_US\" \/>\n<meta property=\"og:type\" content=\"article\" \/>\n<meta property=\"og:title\" content=\"\u201cMarco Antonio de Dominis: A Visionary\u2019s Perspective\u201d: Commemorating the unforgotten Croatian genius - Nacionalna i sveu\u010dili\u0161na knji\u017enica u Zagrebu\" \/>\n<meta property=\"og:description\" content=\"From 15 to 29 October 2024, the National and University Library in Zagreb (NSK) will be hosting an exhibition spotlighting Marco Antonio de Dominis, an outstanding Croatian and European theologian, philosopher and scholar at the turn of the 17th century.\" \/>\n<meta property=\"og:url\" content=\"https:\/\/nsk.hr\/en\/events\/exhibition-commemorating-marco-antonio-de-dominis-the-unforgotten-croatian-genius\/\" \/>\n<meta property=\"og:site_name\" content=\"Nacionalna i sveu\u010dili\u0161na knji\u017enica u Zagrebu\" \/>\n<meta property=\"article:published_time\" content=\"2024-06-21T08:31:01+00:00\" \/>\n<meta property=\"article:modified_time\" content=\"2025-09-18T10:41:34+00:00\" \/>\n<meta property=\"og:image\" content=\"https:\/\/nsk.hr\/wp-content\/uploads\/2024\/07\/Marco-Antonio-de-Dominis_NSK.png\" \/>\n\t<meta property=\"og:image:width\" content=\"876\" \/>\n\t<meta property=\"og:image:height\" content=\"558\" \/>\n\t<meta property=\"og:image:type\" content=\"image\/png\" \/>\n<meta name=\"author\" content=\"dlasic\" \/>\n<meta name=\"twitter:card\" content=\"summary_large_image\" \/>\n<meta name=\"twitter:label1\" content=\"Written by\" \/>\n\t<meta name=\"twitter:data1\" content=\"dlasic\" \/>\n\t<meta name=\"twitter:label2\" content=\"Est. reading time\" \/>\n\t<meta name=\"twitter:data2\" content=\"3 minutes\" \/>\n<script type=\"application\/ld+json\" class=\"yoast-schema-graph\">{\"@context\":\"https:\/\/schema.org\",\"@graph\":[{\"@type\":\"WebPage\",\"@id\":\"https:\/\/nsk.hr\/en\/events\/exhibition-commemorating-marco-antonio-de-dominis-the-unforgotten-croatian-genius\/\",\"url\":\"https:\/\/nsk.hr\/en\/events\/exhibition-commemorating-marco-antonio-de-dominis-the-unforgotten-croatian-genius\/\",\"name\":\"\u201cMarco Antonio de Dominis: A Visionary\u2019s Perspective\u201d: Commemorating the unforgotten Croatian genius - Nacionalna i sveu\u010dili\u0161na knji\u017enica u Zagrebu\",\"isPartOf\":{\"@id\":\"https:\/\/nsk.hr\/en\/#website\"},\"primaryImageOfPage\":{\"@id\":\"https:\/\/nsk.hr\/en\/events\/exhibition-commemorating-marco-antonio-de-dominis-the-unforgotten-croatian-genius\/#primaryimage\"},\"image\":{\"@id\":\"https:\/\/nsk.hr\/en\/events\/exhibition-commemorating-marco-antonio-de-dominis-the-unforgotten-croatian-genius\/#primaryimage\"},\"thumbnailUrl\":\"https:\/\/nsk.hr\/wp-content\/uploads\/2024\/07\/Marco-Antonio-de-Dominis_NSK.png\",\"datePublished\":\"2024-06-21T08:31:01+00:00\",\"dateModified\":\"2025-09-18T10:41:34+00:00\",\"author\":{\"@id\":\"https:\/\/nsk.hr\/en\/#\/schema\/person\/ac622a1e175d155b5815b190a18ed8bd\"},\"description\":\"From 15 to 29 October 2024, the National and University Library in Zagreb (NSK) will be hosting an exhibition spotlighting Marco Antonio de Dominis, an outstanding Croatian and European theologian, philosopher and scholar at the turn of the 17th century.\",\"breadcrumb\":{\"@id\":\"https:\/\/nsk.hr\/en\/events\/exhibition-commemorating-marco-antonio-de-dominis-the-unforgotten-croatian-genius\/#breadcrumb\"},\"inLanguage\":\"en-US\",\"potentialAction\":[{\"@type\":\"ReadAction\",\"target\":[\"https:\/\/nsk.hr\/en\/events\/exhibition-commemorating-marco-antonio-de-dominis-the-unforgotten-croatian-genius\/\"]}]},{\"@type\":\"ImageObject\",\"inLanguage\":\"en-US\",\"@id\":\"https:\/\/nsk.hr\/en\/events\/exhibition-commemorating-marco-antonio-de-dominis-the-unforgotten-croatian-genius\/#primaryimage\",\"url\":\"https:\/\/nsk.hr\/wp-content\/uploads\/2024\/07\/Marco-Antonio-de-Dominis_NSK.png\",\"contentUrl\":\"https:\/\/nsk.hr\/wp-content\/uploads\/2024\/07\/Marco-Antonio-de-Dominis_NSK.png\",\"width\":876,\"height\":558,\"caption\":\"Marco Antonio de Dominis (1560-1624).\"},{\"@type\":\"BreadcrumbList\",\"@id\":\"https:\/\/nsk.hr\/en\/events\/exhibition-commemorating-marco-antonio-de-dominis-the-unforgotten-croatian-genius\/#breadcrumb\",\"itemListElement\":[{\"@type\":\"ListItem\",\"position\":1,\"name\":\"Homepage\",\"item\":\"https:\/\/nsk.hr\/en\/\"},{\"@type\":\"ListItem\",\"position\":2,\"name\":\"Events\",\"item\":\"https:\/\/nsk.hr\/en\/events\/\"},{\"@type\":\"ListItem\",\"position\":3,\"name\":\"\u201cMarco Antonio de Dominis: A Visionary\u2019s Perspective\u201d: Commemorating the unforgotten Croatian genius\"}]},{\"@type\":\"WebSite\",\"@id\":\"https:\/\/nsk.hr\/en\/#website\",\"url\":\"https:\/\/nsk.hr\/en\/\",\"name\":\"Nacionalna i sveu\u010dili\u0161na knji\u017enica u Zagrebu\",\"description\":\"\",\"potentialAction\":[{\"@type\":\"SearchAction\",\"target\":{\"@type\":\"EntryPoint\",\"urlTemplate\":\"https:\/\/nsk.hr\/en\/?s={search_term_string}\"},\"query-input\":{\"@type\":\"PropertyValueSpecification\",\"valueRequired\":true,\"valueName\":\"search_term_string\"}}],\"inLanguage\":\"en-US\"},{\"@type\":\"Person\",\"@id\":\"https:\/\/nsk.hr\/en\/#\/schema\/person\/ac622a1e175d155b5815b190a18ed8bd\",\"name\":\"dlasic\",\"url\":\"https:\/\/nsk.hr\/en\/author\/dlasic\/\"}]}<\/script>\n<!-- \/ Yoast SEO plugin. -->","yoast_head_json":{"title":"\u201cMarco Antonio de Dominis: A Visionary\u2019s Perspective\u201d: Commemorating the unforgotten Croatian genius - Nacionalna i sveu\u010dili\u0161na knji\u017enica u Zagrebu","description":"From 15 to 29 October 2024, the National and University Library in Zagreb (NSK) will be hosting an exhibition spotlighting Marco Antonio de Dominis, an outstanding Croatian and European theologian, philosopher and scholar at the turn of the 17th century.","robots":{"index":"index","follow":"follow","max-snippet":"max-snippet:-1","max-image-preview":"max-image-preview:large","max-video-preview":"max-video-preview:-1"},"canonical":"https:\/\/nsk.hr\/en\/events\/exhibition-commemorating-marco-antonio-de-dominis-the-unforgotten-croatian-genius\/","og_locale":"en_US","og_type":"article","og_title":"\u201cMarco Antonio de Dominis: A Visionary\u2019s Perspective\u201d: Commemorating the unforgotten Croatian genius - Nacionalna i sveu\u010dili\u0161na knji\u017enica u Zagrebu","og_description":"From 15 to 29 October 2024, the National and University Library in Zagreb (NSK) will be hosting an exhibition spotlighting Marco Antonio de Dominis, an outstanding Croatian and European theologian, philosopher and scholar at the turn of the 17th century.","og_url":"https:\/\/nsk.hr\/en\/events\/exhibition-commemorating-marco-antonio-de-dominis-the-unforgotten-croatian-genius\/","og_site_name":"Nacionalna i sveu\u010dili\u0161na knji\u017enica u Zagrebu","article_published_time":"2024-06-21T08:31:01+00:00","article_modified_time":"2025-09-18T10:41:34+00:00","og_image":[{"width":876,"height":558,"url":"https:\/\/nsk.hr\/wp-content\/uploads\/2024\/07\/Marco-Antonio-de-Dominis_NSK.png","type":"image\/png"}],"author":"dlasic","twitter_card":"summary_large_image","twitter_misc":{"Written by":"dlasic","Est. reading time":"3 minutes"},"schema":{"@context":"https:\/\/schema.org","@graph":[{"@type":"WebPage","@id":"https:\/\/nsk.hr\/en\/events\/exhibition-commemorating-marco-antonio-de-dominis-the-unforgotten-croatian-genius\/","url":"https:\/\/nsk.hr\/en\/events\/exhibition-commemorating-marco-antonio-de-dominis-the-unforgotten-croatian-genius\/","name":"\u201cMarco Antonio de Dominis: A Visionary\u2019s Perspective\u201d: Commemorating the unforgotten Croatian genius - Nacionalna i sveu\u010dili\u0161na knji\u017enica u Zagrebu","isPartOf":{"@id":"https:\/\/nsk.hr\/en\/#website"},"primaryImageOfPage":{"@id":"https:\/\/nsk.hr\/en\/events\/exhibition-commemorating-marco-antonio-de-dominis-the-unforgotten-croatian-genius\/#primaryimage"},"image":{"@id":"https:\/\/nsk.hr\/en\/events\/exhibition-commemorating-marco-antonio-de-dominis-the-unforgotten-croatian-genius\/#primaryimage"},"thumbnailUrl":"https:\/\/nsk.hr\/wp-content\/uploads\/2024\/07\/Marco-Antonio-de-Dominis_NSK.png","datePublished":"2024-06-21T08:31:01+00:00","dateModified":"2025-09-18T10:41:34+00:00","author":{"@id":"https:\/\/nsk.hr\/en\/#\/schema\/person\/ac622a1e175d155b5815b190a18ed8bd"},"description":"From 15 to 29 October 2024, the National and University Library in Zagreb (NSK) will be hosting an exhibition spotlighting Marco Antonio de Dominis, an outstanding Croatian and European theologian, philosopher and scholar at the turn of the 17th century.","breadcrumb":{"@id":"https:\/\/nsk.hr\/en\/events\/exhibition-commemorating-marco-antonio-de-dominis-the-unforgotten-croatian-genius\/#breadcrumb"},"inLanguage":"en-US","potentialAction":[{"@type":"ReadAction","target":["https:\/\/nsk.hr\/en\/events\/exhibition-commemorating-marco-antonio-de-dominis-the-unforgotten-croatian-genius\/"]}]},{"@type":"ImageObject","inLanguage":"en-US","@id":"https:\/\/nsk.hr\/en\/events\/exhibition-commemorating-marco-antonio-de-dominis-the-unforgotten-croatian-genius\/#primaryimage","url":"https:\/\/nsk.hr\/wp-content\/uploads\/2024\/07\/Marco-Antonio-de-Dominis_NSK.png","contentUrl":"https:\/\/nsk.hr\/wp-content\/uploads\/2024\/07\/Marco-Antonio-de-Dominis_NSK.png","width":876,"height":558,"caption":"Marco Antonio de Dominis (1560-1624)."},{"@type":"BreadcrumbList","@id":"https:\/\/nsk.hr\/en\/events\/exhibition-commemorating-marco-antonio-de-dominis-the-unforgotten-croatian-genius\/#breadcrumb","itemListElement":[{"@type":"ListItem","position":1,"name":"Homepage","item":"https:\/\/nsk.hr\/en\/"},{"@type":"ListItem","position":2,"name":"Events","item":"https:\/\/nsk.hr\/en\/events\/"},{"@type":"ListItem","position":3,"name":"\u201cMarco Antonio de Dominis: A Visionary\u2019s Perspective\u201d: Commemorating the unforgotten Croatian genius"}]},{"@type":"WebSite","@id":"https:\/\/nsk.hr\/en\/#website","url":"https:\/\/nsk.hr\/en\/","name":"Nacionalna i sveu\u010dili\u0161na knji\u017enica u Zagrebu","description":"","potentialAction":[{"@type":"SearchAction","target":{"@type":"EntryPoint","urlTemplate":"https:\/\/nsk.hr\/en\/?s={search_term_string}"},"query-input":{"@type":"PropertyValueSpecification","valueRequired":true,"valueName":"search_term_string"}}],"inLanguage":"en-US"},{"@type":"Person","@id":"https:\/\/nsk.hr\/en\/#\/schema\/person\/ac622a1e175d155b5815b190a18ed8bd","name":"dlasic","url":"https:\/\/nsk.hr\/en\/author\/dlasic\/"}]}},"_links":{"self":[{"href":"https:\/\/nsk.hr\/en\/wp-json\/wp\/v2\/posts\/92137","targetHints":{"allow":["GET"]}}],"collection":[{"href":"https:\/\/nsk.hr\/en\/wp-json\/wp\/v2\/posts"}],"about":[{"href":"https:\/\/nsk.hr\/en\/wp-json\/wp\/v2\/types\/post"}],"author":[{"embeddable":true,"href":"https:\/\/nsk.hr\/en\/wp-json\/wp\/v2\/users\/11"}],"replies":[{"embeddable":true,"href":"https:\/\/nsk.hr\/en\/wp-json\/wp\/v2\/comments?post=92137"}],"version-history":[{"count":11,"href":"https:\/\/nsk.hr\/en\/wp-json\/wp\/v2\/posts\/92137\/revisions"}],"predecessor-version":[{"id":92918,"href":"https:\/\/nsk.hr\/en\/wp-json\/wp\/v2\/posts\/92137\/revisions\/92918"}],"wp:featuredmedia":[{"embeddable":true,"href":"https:\/\/nsk.hr\/en\/wp-json\/wp\/v2\/media\/92138"}],"wp:attachment":[{"href":"https:\/\/nsk.hr\/en\/wp-json\/wp\/v2\/media?parent=92137"}],"wp:term":[{"taxonomy":"category","embeddable":true,"href":"https:\/\/nsk.hr\/en\/wp-json\/wp\/v2\/categories?post=92137"},{"taxonomy":"post_tag","embeddable":true,"href":"https:\/\/nsk.hr\/en\/wp-json\/wp\/v2\/tags?post=92137"}],"curies":[{"name":"wp","href":"https:\/\/api.w.org\/{rel}","templated":true}]}}