{"id":91544,"date":"2024-06-11T12:57:52","date_gmt":"2024-06-11T10:57:52","guid":{"rendered":"https:\/\/nsk.hr\/?p=91544"},"modified":"2025-09-18T12:40:11","modified_gmt":"2025-09-18T10:40:11","slug":"nsk-to-join-2024-miroslav-krleza-festival","status":"publish","type":"post","link":"https:\/\/nsk.hr\/en\/events\/nsk-to-join-2024-miroslav-krleza-festival\/","title":{"rendered":"NSK to join 2024 Miroslav Krle\u017ea Festival"},"content":{"rendered":"\n<p class=\"is-style-lead\">On 2 July 2024, at 12.00, the National and University Library in Zagreb (NSK) will put on a special programme as part of the <a href=\"https:\/\/www.facebook.com\/festivalmiroslavkrleza\/posts\/pfbid0Xbi5xjv66XSTMn2p3K7UVPZwZU7mn1yiZUSefmaYvPQq5UZF8r1tGPHsi6ENv8edl?locale=hr_HR\">13<sup>th<\/sup> Miroslav Krle\u017ea Festival<\/a>, the 2024 edition of the annual cultural festival commemorating <a href=\"https:\/\/www.britannica.com\/biography\/Miroslav-Krleza\">Miroslav Krle\u017ea (1893-1981)<\/a>, one of the most distinguished, world-famous Croatian writers and thinkers of all time.<\/p>\n\n\n\n<p>At the traditional get-together, Krle\u017ea and his invaluable legacy will be presented by the Festival\u2019s author and director Goran Matovi\u0107, Dr Lada \u010cale Feldman from the Zagreb <a href=\"https:\/\/web2020.ffzg.unizg.hr\/international\/about-fhss\/\">Faculty of Humanities and Social Sciences<\/a> and Dr Suzana Marjani\u0107 from the Zagreb <a href=\"https:\/\/www.ief.hr\/en\/home\/\" target=\"_blank\" rel=\"noreferrer noopener\">Institute of Ethnology and Folklore Research<\/a>, while the Head of the Library\u2019s <a href=\"https:\/\/nsk.hr\/en\/nsk-collections\/nsk-manuscripts-and-old-books-collection\/\">Manuscripts and Old Books Collection<\/a> Dr Irena Gali\u0107 Be\u0161ker will focus on Krle\u017ea\u2019s manuscripts preserved in the Collection of which those related to this year\u2019s Festival\u2019s programme will be displayed as part of an accompanying exhibition.<\/p>\n\n\n\n<p>Croatian stage and screen actress Antonija Stani\u0161i\u0107 \u0160peranda will give a reading of Krle\u017ea\u2019s poetry.<\/p>\n\n\n\n<h2 class=\"wp-block-heading\"><strong>Commemorating the giant of Croatia\u2019s contemporary culture<\/strong><\/h2>\n\n\n\n<p>This year starting a bit earlier, on 28 June, the Festival will feature a number of theatrical performances and follow-up programmes. <\/p>\n\n\n\n<figure class=\"wp-block-image size-large\"><img decoding=\"async\" width=\"764\" height=\"1024\" data-src=\"https:\/\/nsk.hr\/wp-content\/uploads\/2024\/06\/Miroslav-Krleza_Frano-Vodopivec-764x1024.jpg\" alt=\"\" class=\"wp-image-91545 lazyload\" data-srcset=\"https:\/\/nsk.hr\/wp-content\/uploads\/2024\/06\/Miroslav-Krleza_Frano-Vodopivec-764x1024.jpg 764w, https:\/\/nsk.hr\/wp-content\/uploads\/2024\/06\/Miroslav-Krleza_Frano-Vodopivec-224x300.jpg 224w, https:\/\/nsk.hr\/wp-content\/uploads\/2024\/06\/Miroslav-Krleza_Frano-Vodopivec-768x1030.jpg 768w, https:\/\/nsk.hr\/wp-content\/uploads\/2024\/06\/Miroslav-Krleza_Frano-Vodopivec-1146x1536.jpg 1146w, https:\/\/nsk.hr\/wp-content\/uploads\/2024\/06\/Miroslav-Krleza_Frano-Vodopivec-1528x2048.jpg 1528w, https:\/\/nsk.hr\/wp-content\/uploads\/2024\/06\/Miroslav-Krleza_Frano-Vodopivec-806x1080.jpg 806w, https:\/\/nsk.hr\/wp-content\/uploads\/2024\/06\/Miroslav-Krleza_Frano-Vodopivec-scaled.jpg 1432w\" data-sizes=\"(max-width: 764px) 100vw, 764px\" src=\"data:image\/svg+xml;base64,PHN2ZyB3aWR0aD0iMSIgaGVpZ2h0PSIxIiB4bWxucz0iaHR0cDovL3d3dy53My5vcmcvMjAwMC9zdmciPjwvc3ZnPg==\" style=\"--smush-placeholder-width: 764px; --smush-placeholder-aspect-ratio: 764\/1024;\" \/><figcaption class=\"wp-element-caption\">Miroslav Krle\u017ea (1893-1981). Photo by: Frano Vodopivec.<\/figcaption><\/figure>\n\n\n\n<p>Closing with Breakfast Party \u00e0 la Krle\u017ea, an early morning shindig traditionally starting at the time of Krle\u017ea\u2019s birth (7 July, 7.00), the Festival will address issues arising from the current global circumstances, heavily burdened by the ongoing armed conflicts posing a threat to global peace. In an effort to spotlight the messages that can be extracted in this context from Krle\u017ea\u2019s famed <a href=\"https:\/\/katalog.nsk.hr\/F\/?func=direct&amp;doc_number=000077546\">1922 collection of stories (<em>Hrvatski bog Mars<\/em>, \u201cThe Croatian God Mars\u201d)<\/a>, the Festival will draw on Krle\u017ea\u2019s powerful writing to emphasise the futility of suffering inflicted on humankind as a consequence of war.<\/p>\n\n\n\n<h2 class=\"wp-block-heading\"><strong>NSK \u2013 a treasure chest of Krle\u017ea\u2019s own choice<\/strong><\/h2>\n\n\n\n<p>In accordance with Krle\u017ea\u2019s own wishes and owing to Dr Kre\u0161imir Vrane\u0161i\u0107, who executed Krle\u017ea\u2019s will, the <a href=\"https:\/\/nsk.hr\/en\/nsk-collections\/nsk-manuscripts-and-old-books-collection\/\">NSK Manuscripts and Old Books Collection<\/a> preserves Krle\u017ea\u2019s manuscript heritage.<\/p>\n\n\n\n<h2 class=\"wp-block-heading\"><\/h2>\n\n\n\n<figure class=\"wp-block-gallery has-nested-images columns-default is-cropped wp-block-gallery-2 is-layout-flex wp-block-gallery-is-layout-flex\">\n<figure class=\"wp-block-image size-large\"><img decoding=\"async\" width=\"1024\" height=\"576\" data-id=\"91549\" data-src=\"https:\/\/nsk.hr\/wp-content\/uploads\/2024\/06\/Manuscripts-by-Miroslav-Krleza_NSK-Manuscripts-and-Old-Books-Collection-1-1024x576.jpg\" alt=\"\" class=\"wp-image-91549 lazyload\" data-srcset=\"https:\/\/nsk.hr\/wp-content\/uploads\/2024\/06\/Manuscripts-by-Miroslav-Krleza_NSK-Manuscripts-and-Old-Books-Collection-1-1024x576.jpg 1024w, https:\/\/nsk.hr\/wp-content\/uploads\/2024\/06\/Manuscripts-by-Miroslav-Krleza_NSK-Manuscripts-and-Old-Books-Collection-1-300x169.jpg 300w, https:\/\/nsk.hr\/wp-content\/uploads\/2024\/06\/Manuscripts-by-Miroslav-Krleza_NSK-Manuscripts-and-Old-Books-Collection-1-768x432.jpg 768w, https:\/\/nsk.hr\/wp-content\/uploads\/2024\/06\/Manuscripts-by-Miroslav-Krleza_NSK-Manuscripts-and-Old-Books-Collection-1-1536x864.jpg 1536w, https:\/\/nsk.hr\/wp-content\/uploads\/2024\/06\/Manuscripts-by-Miroslav-Krleza_NSK-Manuscripts-and-Old-Books-Collection-1-2048x1152.jpg 2048w, https:\/\/nsk.hr\/wp-content\/uploads\/2024\/06\/Manuscripts-by-Miroslav-Krleza_NSK-Manuscripts-and-Old-Books-Collection-1-scaled.jpg 1920w\" data-sizes=\"(max-width: 1024px) 100vw, 1024px\" src=\"data:image\/svg+xml;base64,PHN2ZyB3aWR0aD0iMSIgaGVpZ2h0PSIxIiB4bWxucz0iaHR0cDovL3d3dy53My5vcmcvMjAwMC9zdmciPjwvc3ZnPg==\" style=\"--smush-placeholder-width: 1024px; --smush-placeholder-aspect-ratio: 1024\/576;\" \/><\/figure>\n\n\n\n<figure class=\"wp-block-image size-large\"><img decoding=\"async\" width=\"1024\" height=\"683\" data-id=\"91555\" data-src=\"https:\/\/nsk.hr\/wp-content\/uploads\/2024\/06\/Manuscript-by-Miroslav-Krleza_NSK-Manuscripts-and-Old-Books-Collection_Dobrila-Zvonarek-1024x683.jpg\" alt=\"\" class=\"wp-image-91555 lazyload\" data-srcset=\"https:\/\/nsk.hr\/wp-content\/uploads\/2024\/06\/Manuscript-by-Miroslav-Krleza_NSK-Manuscripts-and-Old-Books-Collection_Dobrila-Zvonarek-1024x683.jpg 1024w, https:\/\/nsk.hr\/wp-content\/uploads\/2024\/06\/Manuscript-by-Miroslav-Krleza_NSK-Manuscripts-and-Old-Books-Collection_Dobrila-Zvonarek-300x200.jpg 300w, https:\/\/nsk.hr\/wp-content\/uploads\/2024\/06\/Manuscript-by-Miroslav-Krleza_NSK-Manuscripts-and-Old-Books-Collection_Dobrila-Zvonarek-768x512.jpg 768w, https:\/\/nsk.hr\/wp-content\/uploads\/2024\/06\/Manuscript-by-Miroslav-Krleza_NSK-Manuscripts-and-Old-Books-Collection_Dobrila-Zvonarek-1536x1024.jpg 1536w, https:\/\/nsk.hr\/wp-content\/uploads\/2024\/06\/Manuscript-by-Miroslav-Krleza_NSK-Manuscripts-and-Old-Books-Collection_Dobrila-Zvonarek-2048x1365.jpg 2048w, https:\/\/nsk.hr\/wp-content\/uploads\/2024\/06\/Manuscript-by-Miroslav-Krleza_NSK-Manuscripts-and-Old-Books-Collection_Dobrila-Zvonarek-1620x1080.jpg 1620w, https:\/\/nsk.hr\/wp-content\/uploads\/2024\/06\/Manuscript-by-Miroslav-Krleza_NSK-Manuscripts-and-Old-Books-Collection_Dobrila-Zvonarek-scaled.jpg 1920w\" data-sizes=\"(max-width: 1024px) 100vw, 1024px\" src=\"data:image\/svg+xml;base64,PHN2ZyB3aWR0aD0iMSIgaGVpZ2h0PSIxIiB4bWxucz0iaHR0cDovL3d3dy53My5vcmcvMjAwMC9zdmciPjwvc3ZnPg==\" style=\"--smush-placeholder-width: 1024px; --smush-placeholder-aspect-ratio: 1024\/683;\" \/><\/figure>\n<figcaption class=\"blocks-gallery-caption wp-element-caption\">Photo by NSK and Dobrila Zvonarek.<\/figcaption><\/figure>\n\n\n\n<p>Becoming part of the Collection in 1988, Krle\u017ea\u2019s manuscripts were unsealed in 2001, upon the expiry of a 20-year moratorium which Krle\u017ea requested on in any way surveying or handling that material. In 2003, upon cataloguing the manuscripts in collaboration with&nbsp;<a href=\"https:\/\/www.lzmk.hr\/en\/\">The Miroslav Krle\u017ea Institute of Lexicography<\/a>&nbsp;and with the assistance of the leading Croatian experts on Krle\u017ea and his work \u2013 Zoran Kravar, Velimir Viskovi\u0107, Vlaho Bogi\u0161i\u0107 and Krle\u017ea\u2019s bibliographer Davor Kapetani\u0107 \u2013 the Library published a <a href=\"https:\/\/katalog.nsk.hr\/F\/?func=direct&amp;doc_number=000507577\">special catalogue<\/a> making available all data about this particularly valuable part of Krle\u017ea\u2019s legacy (<em><a href=\"https:\/\/katalog.nsk.hr\/F\/?func=direct&amp;doc_number=000507577\">Rukopisna ostav\u0161tina Miroslava Krle\u017ee<\/a><\/em>).&nbsp;<\/p>\n\n\n\n<p><a href=\"https:\/\/www.facebook.com\/festivalmiroslavkrleza\/posts\/pfbid0Xbi5xjv66XSTMn2p3K7UVPZwZU7mn1yiZUSefmaYvPQq5UZF8r1tGPHsi6ENv8edl?locale=hr_HR\">Learn more about the Festival\u2019s 2024 programme (Croatian text only).<\/a><\/p>\n","protected":false},"excerpt":{"rendered":"<p>On 2 July 2024, at 12.00, the National and University Library in Zagreb (NSK) will put on a special programme as part of the&#8230;<\/p>\n","protected":false},"author":11,"featured_media":91526,"comment_status":"closed","ping_status":"open","sticky":false,"template":"","format":"standard","meta":{"_acf_changed":false,"ngg_post_thumbnail":0,"footnotes":""},"categories":[158,166],"tags":[365,623,621,622,980],"class_list":["post-91544","post","type-post","status-publish","format-standard","has-post-thumbnail","hentry","category-events","category-news","tag-exhibition","tag-manuscripts","tag-miroslav-krleza-2","tag-miroslav-krleza-festival","tag-nsk-events"],"acf":[],"yoast_head":"<!-- This site is optimized with the Yoast SEO plugin v25.4 - https:\/\/yoast.com\/wordpress\/plugins\/seo\/ -->\n<title>NSK to join 2024 Miroslav Krle\u017ea Festival - Nacionalna i sveu\u010dili\u0161na knji\u017enica u Zagrebu<\/title>\n<meta name=\"description\" content=\"On 2 July 2024, at 12.00, the National and University Library in Zagreb (NSK) will put on a special programme as part of the 13th Miroslav Krle\u017ea Festival, the 2024 edition of the annual cultural festival commemorating Miroslav Krle\u017ea (1893-1981), one of the most distinguished, world-famous Croatian writers and thinkers of all time.\" \/>\n<meta name=\"robots\" content=\"index, follow, max-snippet:-1, max-image-preview:large, max-video-preview:-1\" \/>\n<link rel=\"canonical\" href=\"https:\/\/nsk.hr\/en\/events\/nsk-to-join-2024-miroslav-krleza-festival\/\" \/>\n<meta property=\"og:locale\" content=\"en_US\" \/>\n<meta property=\"og:type\" content=\"article\" \/>\n<meta property=\"og:title\" content=\"NSK to join 2024 Miroslav Krle\u017ea Festival - Nacionalna i sveu\u010dili\u0161na knji\u017enica u Zagrebu\" \/>\n<meta property=\"og:description\" content=\"On 2 July 2024, at 12.00, the National and University Library in Zagreb (NSK) will put on a special programme as part of the 13th Miroslav Krle\u017ea Festival, the 2024 edition of the annual cultural festival commemorating Miroslav Krle\u017ea (1893-1981), one of the most distinguished, world-famous Croatian writers and thinkers of all time.\" \/>\n<meta property=\"og:url\" content=\"https:\/\/nsk.hr\/en\/events\/nsk-to-join-2024-miroslav-krleza-festival\/\" \/>\n<meta property=\"og:site_name\" content=\"Nacionalna i sveu\u010dili\u0161na knji\u017enica u Zagrebu\" \/>\n<meta property=\"article:published_time\" content=\"2024-06-11T10:57:52+00:00\" \/>\n<meta property=\"article:modified_time\" content=\"2025-09-18T10:40:11+00:00\" \/>\n<meta property=\"og:image\" content=\"https:\/\/nsk.hr\/wp-content\/uploads\/2024\/06\/2024-Miroslav-Krleza-Festival.png\" \/>\n\t<meta property=\"og:image:width\" content=\"1620\" \/>\n\t<meta property=\"og:image:height\" content=\"1080\" \/>\n\t<meta property=\"og:image:type\" content=\"image\/png\" \/>\n<meta name=\"author\" content=\"dlasic\" \/>\n<meta name=\"twitter:card\" content=\"summary_large_image\" \/>\n<meta name=\"twitter:label1\" content=\"Written by\" \/>\n\t<meta name=\"twitter:data1\" content=\"dlasic\" \/>\n\t<meta name=\"twitter:label2\" content=\"Est. reading time\" \/>\n\t<meta name=\"twitter:data2\" content=\"3 minutes\" \/>\n<script type=\"application\/ld+json\" class=\"yoast-schema-graph\">{\"@context\":\"https:\/\/schema.org\",\"@graph\":[{\"@type\":\"WebPage\",\"@id\":\"https:\/\/nsk.hr\/en\/events\/nsk-to-join-2024-miroslav-krleza-festival\/\",\"url\":\"https:\/\/nsk.hr\/en\/events\/nsk-to-join-2024-miroslav-krleza-festival\/\",\"name\":\"NSK to join 2024 Miroslav Krle\u017ea Festival - Nacionalna i sveu\u010dili\u0161na knji\u017enica u Zagrebu\",\"isPartOf\":{\"@id\":\"https:\/\/nsk.hr\/en\/#website\"},\"primaryImageOfPage\":{\"@id\":\"https:\/\/nsk.hr\/en\/events\/nsk-to-join-2024-miroslav-krleza-festival\/#primaryimage\"},\"image\":{\"@id\":\"https:\/\/nsk.hr\/en\/events\/nsk-to-join-2024-miroslav-krleza-festival\/#primaryimage\"},\"thumbnailUrl\":\"https:\/\/nsk.hr\/wp-content\/uploads\/2024\/06\/2024-Miroslav-Krleza-Festival.png\",\"datePublished\":\"2024-06-11T10:57:52+00:00\",\"dateModified\":\"2025-09-18T10:40:11+00:00\",\"author\":{\"@id\":\"https:\/\/nsk.hr\/en\/#\/schema\/person\/ac622a1e175d155b5815b190a18ed8bd\"},\"description\":\"On 2 July 2024, at 12.00, the National and University Library in Zagreb (NSK) will put on a special programme as part of the 13th Miroslav Krle\u017ea Festival, the 2024 edition of the annual cultural festival commemorating Miroslav Krle\u017ea (1893-1981), one of the most distinguished, world-famous Croatian writers and thinkers of all time.\",\"breadcrumb\":{\"@id\":\"https:\/\/nsk.hr\/en\/events\/nsk-to-join-2024-miroslav-krleza-festival\/#breadcrumb\"},\"inLanguage\":\"en-US\",\"potentialAction\":[{\"@type\":\"ReadAction\",\"target\":[\"https:\/\/nsk.hr\/en\/events\/nsk-to-join-2024-miroslav-krleza-festival\/\"]}]},{\"@type\":\"ImageObject\",\"inLanguage\":\"en-US\",\"@id\":\"https:\/\/nsk.hr\/en\/events\/nsk-to-join-2024-miroslav-krleza-festival\/#primaryimage\",\"url\":\"https:\/\/nsk.hr\/wp-content\/uploads\/2024\/06\/2024-Miroslav-Krleza-Festival.png\",\"contentUrl\":\"https:\/\/nsk.hr\/wp-content\/uploads\/2024\/06\/2024-Miroslav-Krleza-Festival.png\",\"width\":1620,\"height\":1080,\"caption\":\"Design by: Mirko Ili\u0107.\"},{\"@type\":\"BreadcrumbList\",\"@id\":\"https:\/\/nsk.hr\/en\/events\/nsk-to-join-2024-miroslav-krleza-festival\/#breadcrumb\",\"itemListElement\":[{\"@type\":\"ListItem\",\"position\":1,\"name\":\"Homepage\",\"item\":\"https:\/\/nsk.hr\/en\/\"},{\"@type\":\"ListItem\",\"position\":2,\"name\":\"Events\",\"item\":\"https:\/\/nsk.hr\/en\/events\/\"},{\"@type\":\"ListItem\",\"position\":3,\"name\":\"NSK to join 2024 Miroslav Krle\u017ea Festival\"}]},{\"@type\":\"WebSite\",\"@id\":\"https:\/\/nsk.hr\/en\/#website\",\"url\":\"https:\/\/nsk.hr\/en\/\",\"name\":\"Nacionalna i sveu\u010dili\u0161na knji\u017enica u Zagrebu\",\"description\":\"\",\"potentialAction\":[{\"@type\":\"SearchAction\",\"target\":{\"@type\":\"EntryPoint\",\"urlTemplate\":\"https:\/\/nsk.hr\/en\/?s={search_term_string}\"},\"query-input\":{\"@type\":\"PropertyValueSpecification\",\"valueRequired\":true,\"valueName\":\"search_term_string\"}}],\"inLanguage\":\"en-US\"},{\"@type\":\"Person\",\"@id\":\"https:\/\/nsk.hr\/en\/#\/schema\/person\/ac622a1e175d155b5815b190a18ed8bd\",\"name\":\"dlasic\",\"url\":\"https:\/\/nsk.hr\/en\/author\/dlasic\/\"}]}<\/script>\n<!-- \/ Yoast SEO plugin. -->","yoast_head_json":{"title":"NSK to join 2024 Miroslav Krle\u017ea Festival - Nacionalna i sveu\u010dili\u0161na knji\u017enica u Zagrebu","description":"On 2 July 2024, at 12.00, the National and University Library in Zagreb (NSK) will put on a special programme as part of the 13th Miroslav Krle\u017ea Festival, the 2024 edition of the annual cultural festival commemorating Miroslav Krle\u017ea (1893-1981), one of the most distinguished, world-famous Croatian writers and thinkers of all time.","robots":{"index":"index","follow":"follow","max-snippet":"max-snippet:-1","max-image-preview":"max-image-preview:large","max-video-preview":"max-video-preview:-1"},"canonical":"https:\/\/nsk.hr\/en\/events\/nsk-to-join-2024-miroslav-krleza-festival\/","og_locale":"en_US","og_type":"article","og_title":"NSK to join 2024 Miroslav Krle\u017ea Festival - Nacionalna i sveu\u010dili\u0161na knji\u017enica u Zagrebu","og_description":"On 2 July 2024, at 12.00, the National and University Library in Zagreb (NSK) will put on a special programme as part of the 13th Miroslav Krle\u017ea Festival, the 2024 edition of the annual cultural festival commemorating Miroslav Krle\u017ea (1893-1981), one of the most distinguished, world-famous Croatian writers and thinkers of all time.","og_url":"https:\/\/nsk.hr\/en\/events\/nsk-to-join-2024-miroslav-krleza-festival\/","og_site_name":"Nacionalna i sveu\u010dili\u0161na knji\u017enica u Zagrebu","article_published_time":"2024-06-11T10:57:52+00:00","article_modified_time":"2025-09-18T10:40:11+00:00","og_image":[{"width":1620,"height":1080,"url":"https:\/\/nsk.hr\/wp-content\/uploads\/2024\/06\/2024-Miroslav-Krleza-Festival.png","type":"image\/png"}],"author":"dlasic","twitter_card":"summary_large_image","twitter_misc":{"Written by":"dlasic","Est. reading time":"3 minutes"},"schema":{"@context":"https:\/\/schema.org","@graph":[{"@type":"WebPage","@id":"https:\/\/nsk.hr\/en\/events\/nsk-to-join-2024-miroslav-krleza-festival\/","url":"https:\/\/nsk.hr\/en\/events\/nsk-to-join-2024-miroslav-krleza-festival\/","name":"NSK to join 2024 Miroslav Krle\u017ea Festival - Nacionalna i sveu\u010dili\u0161na knji\u017enica u Zagrebu","isPartOf":{"@id":"https:\/\/nsk.hr\/en\/#website"},"primaryImageOfPage":{"@id":"https:\/\/nsk.hr\/en\/events\/nsk-to-join-2024-miroslav-krleza-festival\/#primaryimage"},"image":{"@id":"https:\/\/nsk.hr\/en\/events\/nsk-to-join-2024-miroslav-krleza-festival\/#primaryimage"},"thumbnailUrl":"https:\/\/nsk.hr\/wp-content\/uploads\/2024\/06\/2024-Miroslav-Krleza-Festival.png","datePublished":"2024-06-11T10:57:52+00:00","dateModified":"2025-09-18T10:40:11+00:00","author":{"@id":"https:\/\/nsk.hr\/en\/#\/schema\/person\/ac622a1e175d155b5815b190a18ed8bd"},"description":"On 2 July 2024, at 12.00, the National and University Library in Zagreb (NSK) will put on a special programme as part of the 13th Miroslav Krle\u017ea Festival, the 2024 edition of the annual cultural festival commemorating Miroslav Krle\u017ea (1893-1981), one of the most distinguished, world-famous Croatian writers and thinkers of all time.","breadcrumb":{"@id":"https:\/\/nsk.hr\/en\/events\/nsk-to-join-2024-miroslav-krleza-festival\/#breadcrumb"},"inLanguage":"en-US","potentialAction":[{"@type":"ReadAction","target":["https:\/\/nsk.hr\/en\/events\/nsk-to-join-2024-miroslav-krleza-festival\/"]}]},{"@type":"ImageObject","inLanguage":"en-US","@id":"https:\/\/nsk.hr\/en\/events\/nsk-to-join-2024-miroslav-krleza-festival\/#primaryimage","url":"https:\/\/nsk.hr\/wp-content\/uploads\/2024\/06\/2024-Miroslav-Krleza-Festival.png","contentUrl":"https:\/\/nsk.hr\/wp-content\/uploads\/2024\/06\/2024-Miroslav-Krleza-Festival.png","width":1620,"height":1080,"caption":"Design by: Mirko Ili\u0107."},{"@type":"BreadcrumbList","@id":"https:\/\/nsk.hr\/en\/events\/nsk-to-join-2024-miroslav-krleza-festival\/#breadcrumb","itemListElement":[{"@type":"ListItem","position":1,"name":"Homepage","item":"https:\/\/nsk.hr\/en\/"},{"@type":"ListItem","position":2,"name":"Events","item":"https:\/\/nsk.hr\/en\/events\/"},{"@type":"ListItem","position":3,"name":"NSK to join 2024 Miroslav Krle\u017ea Festival"}]},{"@type":"WebSite","@id":"https:\/\/nsk.hr\/en\/#website","url":"https:\/\/nsk.hr\/en\/","name":"Nacionalna i sveu\u010dili\u0161na knji\u017enica u Zagrebu","description":"","potentialAction":[{"@type":"SearchAction","target":{"@type":"EntryPoint","urlTemplate":"https:\/\/nsk.hr\/en\/?s={search_term_string}"},"query-input":{"@type":"PropertyValueSpecification","valueRequired":true,"valueName":"search_term_string"}}],"inLanguage":"en-US"},{"@type":"Person","@id":"https:\/\/nsk.hr\/en\/#\/schema\/person\/ac622a1e175d155b5815b190a18ed8bd","name":"dlasic","url":"https:\/\/nsk.hr\/en\/author\/dlasic\/"}]}},"_links":{"self":[{"href":"https:\/\/nsk.hr\/en\/wp-json\/wp\/v2\/posts\/91544","targetHints":{"allow":["GET"]}}],"collection":[{"href":"https:\/\/nsk.hr\/en\/wp-json\/wp\/v2\/posts"}],"about":[{"href":"https:\/\/nsk.hr\/en\/wp-json\/wp\/v2\/types\/post"}],"author":[{"embeddable":true,"href":"https:\/\/nsk.hr\/en\/wp-json\/wp\/v2\/users\/11"}],"replies":[{"embeddable":true,"href":"https:\/\/nsk.hr\/en\/wp-json\/wp\/v2\/comments?post=91544"}],"version-history":[{"count":18,"href":"https:\/\/nsk.hr\/en\/wp-json\/wp\/v2\/posts\/91544\/revisions"}],"predecessor-version":[{"id":91841,"href":"https:\/\/nsk.hr\/en\/wp-json\/wp\/v2\/posts\/91544\/revisions\/91841"}],"wp:featuredmedia":[{"embeddable":true,"href":"https:\/\/nsk.hr\/en\/wp-json\/wp\/v2\/media\/91526"}],"wp:attachment":[{"href":"https:\/\/nsk.hr\/en\/wp-json\/wp\/v2\/media?parent=91544"}],"wp:term":[{"taxonomy":"category","embeddable":true,"href":"https:\/\/nsk.hr\/en\/wp-json\/wp\/v2\/categories?post=91544"},{"taxonomy":"post_tag","embeddable":true,"href":"https:\/\/nsk.hr\/en\/wp-json\/wp\/v2\/tags?post=91544"}],"curies":[{"name":"wp","href":"https:\/\/api.w.org\/{rel}","templated":true}]}}