{"id":91153,"date":"2024-05-21T13:41:37","date_gmt":"2024-05-21T11:41:37","guid":{"rendered":"https:\/\/nsk.hr\/?p=91153"},"modified":"2025-07-15T10:55:39","modified_gmt":"2025-07-15T08:55:39","slug":"farewell-noble-luko-you-masterly-pen-of-dubrovnik","status":"publish","type":"post","link":"https:\/\/nsk.hr\/en\/news\/farewell-noble-luko-you-masterly-pen-of-dubrovnik\/","title":{"rendered":"Farewell, noble Luko, you masterly pen of Dubrovnik!"},"content":{"rendered":"\n<p class=\"is-style-lead\">On 20 May 2023, the National and University Library in Zagreb (NSK) hosted a special programme presenting the latest collection of poems by the late Luko Paljetak, Croatia\u2019s outstanding writer and <a href=\"https:\/\/www.info.hazu.hr\/en\/clanovi\/paljetak-luko\/\">Fellow of the Croatian Academy of Sciences and Arts<\/a>.<\/p>\n\n\n\n<p>Paljetak\u2019s latest, and sadly the last poetry collection, dedicated to a distinguished Croatian poet at the turn of the 20<sup>th<\/sup> century Dragutin Domjani\u0107 (<em>Kajkavske pjesme<\/em>; Eng. \u201cPoems in Kajkavian\u201d), was presented by the Fellows of the Croatian Academy of Sciences and Arts Kre\u0161imir Nemec, Sibila Petlevski and Miro Gavran, Croatian poet famous for writing in Kajkavian, one of three major Croatian dialects, Bo\u017eica Pa\u017eur and the collection\u2019s editor-in-chief Bo\u017eo Bi\u0161kupi\u0107, along with the Head of the NSK Print Collection Tamara Ili\u0107 Oluji\u0107 and NSK Director General Professor Ivanka Stri\u010devi\u0107.<\/p>\n\n\n\n<figure class=\"wp-block-image size-large\"><img decoding=\"async\" width=\"1024\" height=\"708\" data-src=\"https:\/\/nsk.hr\/wp-content\/uploads\/2024\/05\/Book-launch-commemorating-Luko-Paljetak-3-1024x708.jpg\" alt=\"\" class=\"wp-image-91156 lazyload\" data-srcset=\"https:\/\/nsk.hr\/wp-content\/uploads\/2024\/05\/Book-launch-commemorating-Luko-Paljetak-3-1024x708.jpg 1024w, https:\/\/nsk.hr\/wp-content\/uploads\/2024\/05\/Book-launch-commemorating-Luko-Paljetak-3-300x208.jpg 300w, https:\/\/nsk.hr\/wp-content\/uploads\/2024\/05\/Book-launch-commemorating-Luko-Paljetak-3-768x531.jpg 768w, https:\/\/nsk.hr\/wp-content\/uploads\/2024\/05\/Book-launch-commemorating-Luko-Paljetak-3-1536x1062.jpg 1536w, https:\/\/nsk.hr\/wp-content\/uploads\/2024\/05\/Book-launch-commemorating-Luko-Paljetak-3-2048x1417.jpg 2048w, https:\/\/nsk.hr\/wp-content\/uploads\/2024\/05\/Book-launch-commemorating-Luko-Paljetak-3-1561x1080.jpg 1561w, https:\/\/nsk.hr\/wp-content\/uploads\/2024\/05\/Book-launch-commemorating-Luko-Paljetak-3-scaled.jpg 1920w\" data-sizes=\"(max-width: 1024px) 100vw, 1024px\" src=\"data:image\/svg+xml;base64,PHN2ZyB3aWR0aD0iMSIgaGVpZ2h0PSIxIiB4bWxucz0iaHR0cDovL3d3dy53My5vcmcvMjAwMC9zdmciPjwvc3ZnPg==\" style=\"--smush-placeholder-width: 1024px; --smush-placeholder-aspect-ratio: 1024\/708;\" \/><figcaption class=\"wp-element-caption\">Fellows of the Croatian Academy of Sciences and Arts Sibila Petlevski, Miro Gavran and Kre\u0161imir Nemec (first, third and fourth left), Croatian poet Bo\u017eica Pa\u017eur (second left), Head of the NSK Print Collection Tamara Ili\u0107 Oluji\u0107, Bo\u017eo Bi\u0161kupi\u0107 NSK Director General Professor Ivanka Stri\u010devi\u0107 and Dobrila Zvonarek at the presentation of the latest collection of poetry by the late Fellow of the Croatian Academy of Sciences and Arts Luko Paljetak.<\/figcaption><\/figure>\n\n\n\n<h2 class=\"wp-block-heading\"><strong>Homage to Dragutin Domjani\u0107 and Ivan Lovren\u010di\u0107 \u2013 in Paljetak\u2019s Kajkavian verses<\/strong><\/h2>\n\n\n\n<p>Released as part of the Biblioteka Trilix series, launched and edited by Bi\u0161kupi\u0107, the in many ways unique poetry collection features the drawings by 20<sup>th<\/sup>-century Croatian painter Ivan Lovren\u010di\u0107, whose many works are preserved as part of the <a href=\"https:\/\/nsk.hr\/en\/nsk-collections\/nsk-print-collection\/\">NSK Print Collection<\/a> and were also used as illustrations in the 2023 bibliophile edition with Paljetak\u2019s texts which NSK published in collaboration with Bi\u0161kupi\u0107. &nbsp;<\/p>\n\n\n\n<h2 class=\"wp-block-heading\"><\/h2>\n\n\n\n<figure class=\"wp-block-gallery has-nested-images columns-default is-cropped wp-block-gallery-2 is-layout-flex wp-block-gallery-is-layout-flex\">\n<figure class=\"wp-block-image size-large\"><img decoding=\"async\" width=\"1024\" height=\"917\" data-id=\"91158\" data-src=\"https:\/\/nsk.hr\/wp-content\/uploads\/2024\/05\/Book-launch-commemorating-Luko-Paljetak-2-1024x917.jpg\" alt=\"\" class=\"wp-image-91158 lazyload\" data-srcset=\"https:\/\/nsk.hr\/wp-content\/uploads\/2024\/05\/Book-launch-commemorating-Luko-Paljetak-2-1024x917.jpg 1024w, https:\/\/nsk.hr\/wp-content\/uploads\/2024\/05\/Book-launch-commemorating-Luko-Paljetak-2-300x269.jpg 300w, https:\/\/nsk.hr\/wp-content\/uploads\/2024\/05\/Book-launch-commemorating-Luko-Paljetak-2-768x688.jpg 768w, https:\/\/nsk.hr\/wp-content\/uploads\/2024\/05\/Book-launch-commemorating-Luko-Paljetak-2-1536x1376.jpg 1536w, https:\/\/nsk.hr\/wp-content\/uploads\/2024\/05\/Book-launch-commemorating-Luko-Paljetak-2-2048x1834.jpg 2048w, https:\/\/nsk.hr\/wp-content\/uploads\/2024\/05\/Book-launch-commemorating-Luko-Paljetak-2-1206x1080.jpg 1206w, https:\/\/nsk.hr\/wp-content\/uploads\/2024\/05\/Book-launch-commemorating-Luko-Paljetak-2-scaled.jpg 1920w\" data-sizes=\"(max-width: 1024px) 100vw, 1024px\" src=\"data:image\/svg+xml;base64,PHN2ZyB3aWR0aD0iMSIgaGVpZ2h0PSIxIiB4bWxucz0iaHR0cDovL3d3dy53My5vcmcvMjAwMC9zdmciPjwvc3ZnPg==\" style=\"--smush-placeholder-width: 1024px; --smush-placeholder-aspect-ratio: 1024\/917;\" \/><\/figure>\n\n\n\n<figure class=\"wp-block-image size-large\"><img decoding=\"async\" width=\"1024\" height=\"615\" data-id=\"91160\" data-src=\"https:\/\/nsk.hr\/wp-content\/uploads\/2024\/05\/DSC_2065-1024x615.jpg\" alt=\"\" class=\"wp-image-91160 lazyload\" data-srcset=\"https:\/\/nsk.hr\/wp-content\/uploads\/2024\/05\/DSC_2065-1024x615.jpg 1024w, https:\/\/nsk.hr\/wp-content\/uploads\/2024\/05\/DSC_2065-300x180.jpg 300w, https:\/\/nsk.hr\/wp-content\/uploads\/2024\/05\/DSC_2065-768x461.jpg 768w, https:\/\/nsk.hr\/wp-content\/uploads\/2024\/05\/DSC_2065-1536x922.jpg 1536w, https:\/\/nsk.hr\/wp-content\/uploads\/2024\/05\/DSC_2065-2048x1229.jpg 2048w, https:\/\/nsk.hr\/wp-content\/uploads\/2024\/05\/DSC_2065-1799x1080.jpg 1799w, https:\/\/nsk.hr\/wp-content\/uploads\/2024\/05\/DSC_2065-scaled.jpg 1920w\" data-sizes=\"(max-width: 1024px) 100vw, 1024px\" src=\"data:image\/svg+xml;base64,PHN2ZyB3aWR0aD0iMSIgaGVpZ2h0PSIxIiB4bWxucz0iaHR0cDovL3d3dy53My5vcmcvMjAwMC9zdmciPjwvc3ZnPg==\" style=\"--smush-placeholder-width: 1024px; --smush-placeholder-aspect-ratio: 1024\/615;\" \/><\/figure>\n<figcaption class=\"blocks-gallery-caption wp-element-caption\">Croatian Minister of Culture and Media Dr Nina Obuljen Kor\u017einek and Croatia\u2019s Prime Minister Andrej Plenkovi\u0107.<\/figcaption><\/figure>\n\n\n\n<p>The programme, attended by the Croatian Prime Minister Andrej Plenkovi\u0107 and Croatia\u2019s Minister of Culture and Media Dr Nina Obuljen Kor\u017einek, included a reading of the poems from the collection by Croatian stage and screen actor Jo\u0161ko \u0160evo and the exhibition of selected Paljetak\u2019s works in the Library\u2019s collections among which his famous translations into Croatian of works by Chaucer, Shakespeare, Byron, Wilde, Joyce and other greats of English literature particularly stand out.<\/p>\n\n\n\n<h2 class=\"wp-block-heading\"><\/h2>\n\n\n\n<figure class=\"wp-block-gallery has-nested-images columns-default is-cropped wp-block-gallery-3 is-layout-flex wp-block-gallery-is-layout-flex\">\n<figure class=\"wp-block-image size-large\"><img decoding=\"async\" width=\"1024\" height=\"695\" data-id=\"91162\" data-src=\"https:\/\/nsk.hr\/wp-content\/uploads\/2024\/05\/Book-launch-commemorating-Luko-Paljetak-1-1024x695.jpg\" alt=\"\" class=\"wp-image-91162 lazyload\" data-srcset=\"https:\/\/nsk.hr\/wp-content\/uploads\/2024\/05\/Book-launch-commemorating-Luko-Paljetak-1-1024x695.jpg 1024w, https:\/\/nsk.hr\/wp-content\/uploads\/2024\/05\/Book-launch-commemorating-Luko-Paljetak-1-300x204.jpg 300w, https:\/\/nsk.hr\/wp-content\/uploads\/2024\/05\/Book-launch-commemorating-Luko-Paljetak-1-768x521.jpg 768w, https:\/\/nsk.hr\/wp-content\/uploads\/2024\/05\/Book-launch-commemorating-Luko-Paljetak-1-1536x1042.jpg 1536w, https:\/\/nsk.hr\/wp-content\/uploads\/2024\/05\/Book-launch-commemorating-Luko-Paljetak-1-2048x1390.jpg 2048w, https:\/\/nsk.hr\/wp-content\/uploads\/2024\/05\/Book-launch-commemorating-Luko-Paljetak-1-1592x1080.jpg 1592w, https:\/\/nsk.hr\/wp-content\/uploads\/2024\/05\/Book-launch-commemorating-Luko-Paljetak-1-scaled.jpg 1920w\" data-sizes=\"(max-width: 1024px) 100vw, 1024px\" src=\"data:image\/svg+xml;base64,PHN2ZyB3aWR0aD0iMSIgaGVpZ2h0PSIxIiB4bWxucz0iaHR0cDovL3d3dy53My5vcmcvMjAwMC9zdmciPjwvc3ZnPg==\" style=\"--smush-placeholder-width: 1024px; --smush-placeholder-aspect-ratio: 1024\/695;\" \/><\/figure>\n\n\n\n<figure class=\"wp-block-image size-large\"><img decoding=\"async\" width=\"1024\" height=\"635\" data-id=\"91164\" data-src=\"https:\/\/nsk.hr\/wp-content\/uploads\/2024\/05\/Book-launch-commemorating-Luko-Paljetak-4-1024x635.jpg\" alt=\"\" class=\"wp-image-91164 lazyload\" data-srcset=\"https:\/\/nsk.hr\/wp-content\/uploads\/2024\/05\/Book-launch-commemorating-Luko-Paljetak-4-1024x635.jpg 1024w, https:\/\/nsk.hr\/wp-content\/uploads\/2024\/05\/Book-launch-commemorating-Luko-Paljetak-4-300x186.jpg 300w, https:\/\/nsk.hr\/wp-content\/uploads\/2024\/05\/Book-launch-commemorating-Luko-Paljetak-4-768x476.jpg 768w, https:\/\/nsk.hr\/wp-content\/uploads\/2024\/05\/Book-launch-commemorating-Luko-Paljetak-4-1536x952.jpg 1536w, https:\/\/nsk.hr\/wp-content\/uploads\/2024\/05\/Book-launch-commemorating-Luko-Paljetak-4-2048x1270.jpg 2048w, https:\/\/nsk.hr\/wp-content\/uploads\/2024\/05\/Book-launch-commemorating-Luko-Paljetak-4-1742x1080.jpg 1742w, https:\/\/nsk.hr\/wp-content\/uploads\/2024\/05\/Book-launch-commemorating-Luko-Paljetak-4-scaled.jpg 1920w\" data-sizes=\"(max-width: 1024px) 100vw, 1024px\" src=\"data:image\/svg+xml;base64,PHN2ZyB3aWR0aD0iMSIgaGVpZ2h0PSIxIiB4bWxucz0iaHR0cDovL3d3dy53My5vcmcvMjAwMC9zdmciPjwvc3ZnPg==\" style=\"--smush-placeholder-width: 1024px; --smush-placeholder-aspect-ratio: 1024\/635;\" \/><\/figure>\n<figcaption class=\"blocks-gallery-caption wp-element-caption\">The presentation of the latest poetry collection by the late Croatian poet and Fellow of the Croatian Academy of Sciences and Arts Luko Paljetak included the reading of Paljetak\u2019s poems by Croatian stage and screen actor Jo\u0161ko \u0160evo and the exhibition of selected Paljetak\u2019s works.<\/figcaption><\/figure>\n\n\n\n<h2 class=\"wp-block-heading\"><strong>A long and successful cooperation whose fruits live on<\/strong><\/h2>\n\n\n\n<p>Luko Paljetak (1943-2024) was the Library\u2019s invaluable collaborator on numerous projects, among which we are especially proud of two as part of which we published the <a href=\"https:\/\/katalog.nsk.hr\/F\/?func=direct&amp;doc_number=000736552\">1980<\/a> and <a href=\"https:\/\/katalog.nsk.hr\/F\/?func=direct&amp;doc_number=000746835\">1990<\/a> poetry-and-print portfolios featuring his masterly verses. <\/p>\n\n\n\n<p>The author of some 40 poetry collections, a dozen titles of children\u2019s literature, radio plays, numerous editorials, commentaries, treatises and more than the rightful holder of several lifetime achievement and literary awards, Paljetak will be remembered as one of the building blocks of contemporary Croatian literature and culture and the virtuoso in blending the written word into the everlasting creations magically bringing together several arts.<\/p>\n\n\n\n<h2 class=\"wp-block-heading\"><\/h2>\n\n\n\n<figure class=\"wp-block-gallery has-nested-images columns-default is-cropped wp-block-gallery-4 is-layout-flex wp-block-gallery-is-layout-flex\">\n<figure class=\"wp-block-image size-large\"><img decoding=\"async\" width=\"1024\" height=\"476\" data-id=\"91166\" data-src=\"https:\/\/nsk.hr\/wp-content\/uploads\/2024\/05\/Book-launch-commemorating-Luko-Paljetak-8-1024x476.jpg\" alt=\"\" class=\"wp-image-91166 lazyload\" data-srcset=\"https:\/\/nsk.hr\/wp-content\/uploads\/2024\/05\/Book-launch-commemorating-Luko-Paljetak-8-1024x476.jpg 1024w, https:\/\/nsk.hr\/wp-content\/uploads\/2024\/05\/Book-launch-commemorating-Luko-Paljetak-8-300x139.jpg 300w, https:\/\/nsk.hr\/wp-content\/uploads\/2024\/05\/Book-launch-commemorating-Luko-Paljetak-8-768x357.jpg 768w, https:\/\/nsk.hr\/wp-content\/uploads\/2024\/05\/Book-launch-commemorating-Luko-Paljetak-8-1536x714.jpg 1536w, https:\/\/nsk.hr\/wp-content\/uploads\/2024\/05\/Book-launch-commemorating-Luko-Paljetak-8.jpg 1657w\" data-sizes=\"(max-width: 1024px) 100vw, 1024px\" src=\"data:image\/svg+xml;base64,PHN2ZyB3aWR0aD0iMSIgaGVpZ2h0PSIxIiB4bWxucz0iaHR0cDovL3d3dy53My5vcmcvMjAwMC9zdmciPjwvc3ZnPg==\" style=\"--smush-placeholder-width: 1024px; --smush-placeholder-aspect-ratio: 1024\/476;\" \/><\/figure>\n\n\n\n<figure class=\"wp-block-image size-large\"><img decoding=\"async\" width=\"1024\" height=\"660\" data-id=\"91168\" data-src=\"https:\/\/nsk.hr\/wp-content\/uploads\/2024\/05\/Book-launch-commemorating-Luko-Paljetak-11-1024x660.jpg\" alt=\"\" class=\"wp-image-91168 lazyload\" data-srcset=\"https:\/\/nsk.hr\/wp-content\/uploads\/2024\/05\/Book-launch-commemorating-Luko-Paljetak-11-1024x660.jpg 1024w, https:\/\/nsk.hr\/wp-content\/uploads\/2024\/05\/Book-launch-commemorating-Luko-Paljetak-11-300x193.jpg 300w, https:\/\/nsk.hr\/wp-content\/uploads\/2024\/05\/Book-launch-commemorating-Luko-Paljetak-11-768x495.jpg 768w, https:\/\/nsk.hr\/wp-content\/uploads\/2024\/05\/Book-launch-commemorating-Luko-Paljetak-11-1536x989.jpg 1536w, https:\/\/nsk.hr\/wp-content\/uploads\/2024\/05\/Book-launch-commemorating-Luko-Paljetak-11-1677x1080.jpg 1677w, https:\/\/nsk.hr\/wp-content\/uploads\/2024\/05\/Book-launch-commemorating-Luko-Paljetak-11-scaled.jpg 1920w\" data-sizes=\"(max-width: 1024px) 100vw, 1024px\" src=\"data:image\/svg+xml;base64,PHN2ZyB3aWR0aD0iMSIgaGVpZ2h0PSIxIiB4bWxucz0iaHR0cDovL3d3dy53My5vcmcvMjAwMC9zdmciPjwvc3ZnPg==\" style=\"--smush-placeholder-width: 1024px; --smush-placeholder-aspect-ratio: 1024\/660;\" \/><\/figure>\n<figcaption class=\"blocks-gallery-caption wp-element-caption\">The late Luko Paljetak (1943-2024) at the 2018 and 2023 NSK programmes.<\/figcaption><\/figure>\n","protected":false},"excerpt":{"rendered":"<p>On 20 May 2023, the National and University Library in Zagreb (NSK) hosted a special programme presenting the latest collection of poems by the&#8230;<\/p>\n","protected":false},"author":11,"featured_media":91154,"comment_status":"closed","ping_status":"open","sticky":false,"template":"","format":"standard","meta":{"_acf_changed":false,"ngg_post_thumbnail":0,"footnotes":""},"categories":[166],"tags":[597,595,596,594],"class_list":["post-91153","post","type-post","status-publish","format-standard","has-post-thumbnail","hentry","category-news","tag-book-launch","tag-dragutin-domjanic-2","tag-ivan-lovrencic-2","tag-luko-paljetak-2"],"acf":[],"yoast_head":"<!-- This site is optimized with the Yoast SEO plugin v25.4 - https:\/\/yoast.com\/wordpress\/plugins\/seo\/ -->\n<title>Farewell, noble Luko, you masterly pen of Dubrovnik! - Nacionalna i sveu\u010dili\u0161na knji\u017enica u Zagrebu<\/title>\n<meta name=\"description\" content=\"On 20 May 2023, the National and University Library in Zagreb (NSK) hosted a special programme presenting the latest collection of poems by the late Luko Paljetak, Croatia\u2019s outstanding writer and Fellow of the Croatian Academy of Sciences and Arts.\" \/>\n<meta name=\"robots\" content=\"index, follow, max-snippet:-1, max-image-preview:large, max-video-preview:-1\" \/>\n<link rel=\"canonical\" href=\"https:\/\/nsk.hr\/en\/news\/farewell-noble-luko-you-masterly-pen-of-dubrovnik\/\" \/>\n<meta property=\"og:locale\" content=\"en_US\" \/>\n<meta property=\"og:type\" content=\"article\" \/>\n<meta property=\"og:title\" content=\"Farewell, noble Luko, you masterly pen of Dubrovnik! - Nacionalna i sveu\u010dili\u0161na knji\u017enica u Zagrebu\" \/>\n<meta property=\"og:description\" content=\"On 20 May 2023, the National and University Library in Zagreb (NSK) hosted a special programme presenting the latest collection of poems by the late Luko Paljetak, Croatia\u2019s outstanding writer and Fellow of the Croatian Academy of Sciences and Arts.\" \/>\n<meta property=\"og:url\" content=\"https:\/\/nsk.hr\/en\/news\/farewell-noble-luko-you-masterly-pen-of-dubrovnik\/\" \/>\n<meta property=\"og:site_name\" content=\"Nacionalna i sveu\u010dili\u0161na knji\u017enica u Zagrebu\" \/>\n<meta property=\"article:published_time\" content=\"2024-05-21T11:41:37+00:00\" \/>\n<meta property=\"article:modified_time\" content=\"2025-07-15T08:55:39+00:00\" \/>\n<meta property=\"og:image\" content=\"https:\/\/nsk.hr\/wp-content\/uploads\/2024\/05\/In-memoriam_Luko-Paljetak-1943-2024_NSK-featured-1024x683.png\" \/>\n\t<meta property=\"og:image:width\" content=\"1024\" \/>\n\t<meta property=\"og:image:height\" content=\"683\" \/>\n\t<meta property=\"og:image:type\" content=\"image\/png\" \/>\n<meta name=\"author\" content=\"dlasic\" \/>\n<meta name=\"twitter:card\" content=\"summary_large_image\" \/>\n<meta name=\"twitter:label1\" content=\"Written by\" \/>\n\t<meta name=\"twitter:data1\" content=\"dlasic\" \/>\n\t<meta name=\"twitter:label2\" content=\"Est. reading time\" \/>\n\t<meta name=\"twitter:data2\" content=\"4 minutes\" \/>\n<script type=\"application\/ld+json\" class=\"yoast-schema-graph\">{\"@context\":\"https:\/\/schema.org\",\"@graph\":[{\"@type\":\"WebPage\",\"@id\":\"https:\/\/nsk.hr\/en\/news\/farewell-noble-luko-you-masterly-pen-of-dubrovnik\/\",\"url\":\"https:\/\/nsk.hr\/en\/news\/farewell-noble-luko-you-masterly-pen-of-dubrovnik\/\",\"name\":\"Farewell, noble Luko, you masterly pen of Dubrovnik! - Nacionalna i sveu\u010dili\u0161na knji\u017enica u Zagrebu\",\"isPartOf\":{\"@id\":\"https:\/\/nsk.hr\/en\/#website\"},\"primaryImageOfPage\":{\"@id\":\"https:\/\/nsk.hr\/en\/news\/farewell-noble-luko-you-masterly-pen-of-dubrovnik\/#primaryimage\"},\"image\":{\"@id\":\"https:\/\/nsk.hr\/en\/news\/farewell-noble-luko-you-masterly-pen-of-dubrovnik\/#primaryimage\"},\"thumbnailUrl\":\"https:\/\/nsk.hr\/wp-content\/uploads\/2024\/05\/In-memoriam_Luko-Paljetak-1943-2024_NSK-featured.png\",\"datePublished\":\"2024-05-21T11:41:37+00:00\",\"dateModified\":\"2025-07-15T08:55:39+00:00\",\"author\":{\"@id\":\"https:\/\/nsk.hr\/en\/#\/schema\/person\/ac622a1e175d155b5815b190a18ed8bd\"},\"description\":\"On 20 May 2023, the National and University Library in Zagreb (NSK) hosted a special programme presenting the latest collection of poems by the late Luko Paljetak, Croatia\u2019s outstanding writer and Fellow of the Croatian Academy of Sciences and Arts.\",\"breadcrumb\":{\"@id\":\"https:\/\/nsk.hr\/en\/news\/farewell-noble-luko-you-masterly-pen-of-dubrovnik\/#breadcrumb\"},\"inLanguage\":\"en-US\",\"potentialAction\":[{\"@type\":\"ReadAction\",\"target\":[\"https:\/\/nsk.hr\/en\/news\/farewell-noble-luko-you-masterly-pen-of-dubrovnik\/\"]}]},{\"@type\":\"ImageObject\",\"inLanguage\":\"en-US\",\"@id\":\"https:\/\/nsk.hr\/en\/news\/farewell-noble-luko-you-masterly-pen-of-dubrovnik\/#primaryimage\",\"url\":\"https:\/\/nsk.hr\/wp-content\/uploads\/2024\/05\/In-memoriam_Luko-Paljetak-1943-2024_NSK-featured.png\",\"contentUrl\":\"https:\/\/nsk.hr\/wp-content\/uploads\/2024\/05\/In-memoriam_Luko-Paljetak-1943-2024_NSK-featured.png\",\"width\":1620,\"height\":1080,\"caption\":\"Luko Paljetak (1943-2024), Croatia\u2019s outstanding writer and Fellow of the Croatian Academy of Sciences and Arts.\"},{\"@type\":\"BreadcrumbList\",\"@id\":\"https:\/\/nsk.hr\/en\/news\/farewell-noble-luko-you-masterly-pen-of-dubrovnik\/#breadcrumb\",\"itemListElement\":[{\"@type\":\"ListItem\",\"position\":1,\"name\":\"Homepage\",\"item\":\"https:\/\/nsk.hr\/en\/\"},{\"@type\":\"ListItem\",\"position\":2,\"name\":\"News\",\"item\":\"https:\/\/nsk.hr\/en\/news\/\"},{\"@type\":\"ListItem\",\"position\":3,\"name\":\"Farewell, noble Luko, you masterly pen of Dubrovnik!\"}]},{\"@type\":\"WebSite\",\"@id\":\"https:\/\/nsk.hr\/en\/#website\",\"url\":\"https:\/\/nsk.hr\/en\/\",\"name\":\"Nacionalna i sveu\u010dili\u0161na knji\u017enica u Zagrebu\",\"description\":\"\",\"potentialAction\":[{\"@type\":\"SearchAction\",\"target\":{\"@type\":\"EntryPoint\",\"urlTemplate\":\"https:\/\/nsk.hr\/en\/?s={search_term_string}\"},\"query-input\":{\"@type\":\"PropertyValueSpecification\",\"valueRequired\":true,\"valueName\":\"search_term_string\"}}],\"inLanguage\":\"en-US\"},{\"@type\":\"Person\",\"@id\":\"https:\/\/nsk.hr\/en\/#\/schema\/person\/ac622a1e175d155b5815b190a18ed8bd\",\"name\":\"dlasic\",\"url\":\"https:\/\/nsk.hr\/en\/author\/dlasic\/\"}]}<\/script>\n<!-- \/ Yoast SEO plugin. -->","yoast_head_json":{"title":"Farewell, noble Luko, you masterly pen of Dubrovnik! - Nacionalna i sveu\u010dili\u0161na knji\u017enica u Zagrebu","description":"On 20 May 2023, the National and University Library in Zagreb (NSK) hosted a special programme presenting the latest collection of poems by the late Luko Paljetak, Croatia\u2019s outstanding writer and Fellow of the Croatian Academy of Sciences and Arts.","robots":{"index":"index","follow":"follow","max-snippet":"max-snippet:-1","max-image-preview":"max-image-preview:large","max-video-preview":"max-video-preview:-1"},"canonical":"https:\/\/nsk.hr\/en\/news\/farewell-noble-luko-you-masterly-pen-of-dubrovnik\/","og_locale":"en_US","og_type":"article","og_title":"Farewell, noble Luko, you masterly pen of Dubrovnik! - Nacionalna i sveu\u010dili\u0161na knji\u017enica u Zagrebu","og_description":"On 20 May 2023, the National and University Library in Zagreb (NSK) hosted a special programme presenting the latest collection of poems by the late Luko Paljetak, Croatia\u2019s outstanding writer and Fellow of the Croatian Academy of Sciences and Arts.","og_url":"https:\/\/nsk.hr\/en\/news\/farewell-noble-luko-you-masterly-pen-of-dubrovnik\/","og_site_name":"Nacionalna i sveu\u010dili\u0161na knji\u017enica u Zagrebu","article_published_time":"2024-05-21T11:41:37+00:00","article_modified_time":"2025-07-15T08:55:39+00:00","og_image":[{"width":1024,"height":683,"url":"https:\/\/nsk.hr\/wp-content\/uploads\/2024\/05\/In-memoriam_Luko-Paljetak-1943-2024_NSK-featured-1024x683.png","type":"image\/png"}],"author":"dlasic","twitter_card":"summary_large_image","twitter_misc":{"Written by":"dlasic","Est. reading time":"4 minutes"},"schema":{"@context":"https:\/\/schema.org","@graph":[{"@type":"WebPage","@id":"https:\/\/nsk.hr\/en\/news\/farewell-noble-luko-you-masterly-pen-of-dubrovnik\/","url":"https:\/\/nsk.hr\/en\/news\/farewell-noble-luko-you-masterly-pen-of-dubrovnik\/","name":"Farewell, noble Luko, you masterly pen of Dubrovnik! - Nacionalna i sveu\u010dili\u0161na knji\u017enica u Zagrebu","isPartOf":{"@id":"https:\/\/nsk.hr\/en\/#website"},"primaryImageOfPage":{"@id":"https:\/\/nsk.hr\/en\/news\/farewell-noble-luko-you-masterly-pen-of-dubrovnik\/#primaryimage"},"image":{"@id":"https:\/\/nsk.hr\/en\/news\/farewell-noble-luko-you-masterly-pen-of-dubrovnik\/#primaryimage"},"thumbnailUrl":"https:\/\/nsk.hr\/wp-content\/uploads\/2024\/05\/In-memoriam_Luko-Paljetak-1943-2024_NSK-featured.png","datePublished":"2024-05-21T11:41:37+00:00","dateModified":"2025-07-15T08:55:39+00:00","author":{"@id":"https:\/\/nsk.hr\/en\/#\/schema\/person\/ac622a1e175d155b5815b190a18ed8bd"},"description":"On 20 May 2023, the National and University Library in Zagreb (NSK) hosted a special programme presenting the latest collection of poems by the late Luko Paljetak, Croatia\u2019s outstanding writer and Fellow of the Croatian Academy of Sciences and Arts.","breadcrumb":{"@id":"https:\/\/nsk.hr\/en\/news\/farewell-noble-luko-you-masterly-pen-of-dubrovnik\/#breadcrumb"},"inLanguage":"en-US","potentialAction":[{"@type":"ReadAction","target":["https:\/\/nsk.hr\/en\/news\/farewell-noble-luko-you-masterly-pen-of-dubrovnik\/"]}]},{"@type":"ImageObject","inLanguage":"en-US","@id":"https:\/\/nsk.hr\/en\/news\/farewell-noble-luko-you-masterly-pen-of-dubrovnik\/#primaryimage","url":"https:\/\/nsk.hr\/wp-content\/uploads\/2024\/05\/In-memoriam_Luko-Paljetak-1943-2024_NSK-featured.png","contentUrl":"https:\/\/nsk.hr\/wp-content\/uploads\/2024\/05\/In-memoriam_Luko-Paljetak-1943-2024_NSK-featured.png","width":1620,"height":1080,"caption":"Luko Paljetak (1943-2024), Croatia\u2019s outstanding writer and Fellow of the Croatian Academy of Sciences and Arts."},{"@type":"BreadcrumbList","@id":"https:\/\/nsk.hr\/en\/news\/farewell-noble-luko-you-masterly-pen-of-dubrovnik\/#breadcrumb","itemListElement":[{"@type":"ListItem","position":1,"name":"Homepage","item":"https:\/\/nsk.hr\/en\/"},{"@type":"ListItem","position":2,"name":"News","item":"https:\/\/nsk.hr\/en\/news\/"},{"@type":"ListItem","position":3,"name":"Farewell, noble Luko, you masterly pen of Dubrovnik!"}]},{"@type":"WebSite","@id":"https:\/\/nsk.hr\/en\/#website","url":"https:\/\/nsk.hr\/en\/","name":"Nacionalna i sveu\u010dili\u0161na knji\u017enica u Zagrebu","description":"","potentialAction":[{"@type":"SearchAction","target":{"@type":"EntryPoint","urlTemplate":"https:\/\/nsk.hr\/en\/?s={search_term_string}"},"query-input":{"@type":"PropertyValueSpecification","valueRequired":true,"valueName":"search_term_string"}}],"inLanguage":"en-US"},{"@type":"Person","@id":"https:\/\/nsk.hr\/en\/#\/schema\/person\/ac622a1e175d155b5815b190a18ed8bd","name":"dlasic","url":"https:\/\/nsk.hr\/en\/author\/dlasic\/"}]}},"_links":{"self":[{"href":"https:\/\/nsk.hr\/en\/wp-json\/wp\/v2\/posts\/91153","targetHints":{"allow":["GET"]}}],"collection":[{"href":"https:\/\/nsk.hr\/en\/wp-json\/wp\/v2\/posts"}],"about":[{"href":"https:\/\/nsk.hr\/en\/wp-json\/wp\/v2\/types\/post"}],"author":[{"embeddable":true,"href":"https:\/\/nsk.hr\/en\/wp-json\/wp\/v2\/users\/11"}],"replies":[{"embeddable":true,"href":"https:\/\/nsk.hr\/en\/wp-json\/wp\/v2\/comments?post=91153"}],"version-history":[{"count":16,"href":"https:\/\/nsk.hr\/en\/wp-json\/wp\/v2\/posts\/91153\/revisions"}],"predecessor-version":[{"id":97226,"href":"https:\/\/nsk.hr\/en\/wp-json\/wp\/v2\/posts\/91153\/revisions\/97226"}],"wp:featuredmedia":[{"embeddable":true,"href":"https:\/\/nsk.hr\/en\/wp-json\/wp\/v2\/media\/91154"}],"wp:attachment":[{"href":"https:\/\/nsk.hr\/en\/wp-json\/wp\/v2\/media?parent=91153"}],"wp:term":[{"taxonomy":"category","embeddable":true,"href":"https:\/\/nsk.hr\/en\/wp-json\/wp\/v2\/categories?post=91153"},{"taxonomy":"post_tag","embeddable":true,"href":"https:\/\/nsk.hr\/en\/wp-json\/wp\/v2\/tags?post=91153"}],"curies":[{"name":"wp","href":"https:\/\/api.w.org\/{rel}","templated":true}]}}