{"id":88816,"date":"2024-02-22T15:55:28","date_gmt":"2024-02-22T14:55:28","guid":{"rendered":"https:\/\/nsk.hr\/?p=88816"},"modified":"2025-09-18T12:33:27","modified_gmt":"2025-09-18T10:33:27","slug":"national-and-university-library-in-zagreb-celebrates-nsk-day-2024","status":"publish","type":"post","link":"https:\/\/nsk.hr\/en\/news\/national-and-university-library-in-zagreb-celebrates-nsk-day-2024\/","title":{"rendered":"National and University Library in Zagreb celebrates NSK Day 2024"},"content":{"rendered":"\n<p class=\"is-style-lead\">On 22 February 2024, the National and University Library in Zagreb (NSK) organised and hosted a special programme marking this year\u2019s NSK Day and 417 years of <a href=\"https:\/\/nsk.hr\/en\/nsk-history\/\">NSK\u2019s history<\/a>.<\/p>\n\n\n\n<p>Bringing together the representatives of the <a href=\"https:\/\/www.unizg.hr\/homepage\/\">University of Zagreb<\/a> and other Croatian universities and research institutions, the <a href=\"https:\/\/rdd.gov.hr\/?lang=en\">Central State Office for Digital Society Development<\/a>, <a href=\"https:\/\/www.info.hazu.hr\/en\/\">Croatian Academy of Sciences and Arts (CASA)<\/a>, leading library professionals and former NSK directors general, the programme featured addresses by the Envoy of the Croatian Minister of Culture and Media and State Secretary Dr Ivica Polji\u010dak, Envoy of the Croatian Minister of Science and Education and State Secretary Ivica \u0160u\u0161ak and the Library\u2019s Director General Professor Ivanka Stri\u010devi\u0107.<\/p>\n\n\n\n<h2 class=\"wp-block-heading\"><\/h2>\n\n\n\n<figure class=\"wp-block-gallery has-nested-images columns-default is-cropped wp-block-gallery-2 is-layout-flex wp-block-gallery-is-layout-flex\">\n<figure class=\"wp-block-image size-large\"><img decoding=\"async\" width=\"1024\" height=\"683\" data-id=\"88932\" data-src=\"https:\/\/nsk.hr\/wp-content\/uploads\/2024\/02\/NSK-Doors-Open-Days-2024_Dobrila-Zvonarek-6-1024x683.jpg\" alt=\"State Secretary at the Croatian Ministry of Culture and Media Dr Ivica Polji\u010dak.\" class=\"wp-image-88932 lazyload\" data-srcset=\"https:\/\/nsk.hr\/wp-content\/uploads\/2024\/02\/NSK-Doors-Open-Days-2024_Dobrila-Zvonarek-6-1024x683.jpg 1024w, https:\/\/nsk.hr\/wp-content\/uploads\/2024\/02\/NSK-Doors-Open-Days-2024_Dobrila-Zvonarek-6-300x200.jpg 300w, https:\/\/nsk.hr\/wp-content\/uploads\/2024\/02\/NSK-Doors-Open-Days-2024_Dobrila-Zvonarek-6-768x512.jpg 768w, https:\/\/nsk.hr\/wp-content\/uploads\/2024\/02\/NSK-Doors-Open-Days-2024_Dobrila-Zvonarek-6-1536x1024.jpg 1536w, https:\/\/nsk.hr\/wp-content\/uploads\/2024\/02\/NSK-Doors-Open-Days-2024_Dobrila-Zvonarek-6-2048x1365.jpg 2048w, https:\/\/nsk.hr\/wp-content\/uploads\/2024\/02\/NSK-Doors-Open-Days-2024_Dobrila-Zvonarek-6-1620x1080.jpg 1620w, https:\/\/nsk.hr\/wp-content\/uploads\/2024\/02\/NSK-Doors-Open-Days-2024_Dobrila-Zvonarek-6-scaled.jpg 1860w\" data-sizes=\"(max-width: 1024px) 100vw, 1024px\" src=\"data:image\/svg+xml;base64,PHN2ZyB3aWR0aD0iMSIgaGVpZ2h0PSIxIiB4bWxucz0iaHR0cDovL3d3dy53My5vcmcvMjAwMC9zdmciPjwvc3ZnPg==\" style=\"--smush-placeholder-width: 1024px; --smush-placeholder-aspect-ratio: 1024\/683;\" \/><figcaption class=\"wp-element-caption\">State Secretary at the Croatian Ministry of Culture and Media Dr Ivica Polji\u010dak.<\/figcaption><\/figure>\n\n\n\n<figure class=\"wp-block-image size-large\"><img decoding=\"async\" width=\"1024\" height=\"683\" data-id=\"88934\" data-src=\"https:\/\/nsk.hr\/wp-content\/uploads\/2024\/02\/NSK-Doors-Open-Days-2024_Dobrila-Zvonarek-7-1024x683.jpg\" alt=\"State Secretary at the Croatian Ministry of Science and Education Ivica \u0160u\u0161ak.\" class=\"wp-image-88934 lazyload\" data-srcset=\"https:\/\/nsk.hr\/wp-content\/uploads\/2024\/02\/NSK-Doors-Open-Days-2024_Dobrila-Zvonarek-7-1024x683.jpg 1024w, https:\/\/nsk.hr\/wp-content\/uploads\/2024\/02\/NSK-Doors-Open-Days-2024_Dobrila-Zvonarek-7-300x200.jpg 300w, https:\/\/nsk.hr\/wp-content\/uploads\/2024\/02\/NSK-Doors-Open-Days-2024_Dobrila-Zvonarek-7-768x512.jpg 768w, https:\/\/nsk.hr\/wp-content\/uploads\/2024\/02\/NSK-Doors-Open-Days-2024_Dobrila-Zvonarek-7-1536x1024.jpg 1536w, https:\/\/nsk.hr\/wp-content\/uploads\/2024\/02\/NSK-Doors-Open-Days-2024_Dobrila-Zvonarek-7-2048x1365.jpg 2048w, https:\/\/nsk.hr\/wp-content\/uploads\/2024\/02\/NSK-Doors-Open-Days-2024_Dobrila-Zvonarek-7-1620x1080.jpg 1620w, https:\/\/nsk.hr\/wp-content\/uploads\/2024\/02\/NSK-Doors-Open-Days-2024_Dobrila-Zvonarek-7-scaled.jpg 1920w\" data-sizes=\"(max-width: 1024px) 100vw, 1024px\" src=\"data:image\/svg+xml;base64,PHN2ZyB3aWR0aD0iMSIgaGVpZ2h0PSIxIiB4bWxucz0iaHR0cDovL3d3dy53My5vcmcvMjAwMC9zdmciPjwvc3ZnPg==\" style=\"--smush-placeholder-width: 1024px; --smush-placeholder-aspect-ratio: 1024\/683;\" \/><figcaption class=\"wp-element-caption\">State Secretary at the Croatian Ministry of Science and Education Ivica \u0160u\u0161ak.<\/figcaption><\/figure>\n\n\n\n<figure class=\"wp-block-image size-large\"><img decoding=\"async\" width=\"1024\" height=\"683\" data-id=\"88944\" data-src=\"https:\/\/nsk.hr\/wp-content\/uploads\/2024\/02\/NSK-Doors-Open-Days-2024_Dobrila-Zvonarek-9-1024x683.jpg\" alt=\"Director General of the National and University Library in Zagreb (NSK) Professor Ivanka Stri\u010devi\u0107.\" class=\"wp-image-88944 lazyload\" data-srcset=\"https:\/\/nsk.hr\/wp-content\/uploads\/2024\/02\/NSK-Doors-Open-Days-2024_Dobrila-Zvonarek-9-1024x683.jpg 1024w, https:\/\/nsk.hr\/wp-content\/uploads\/2024\/02\/NSK-Doors-Open-Days-2024_Dobrila-Zvonarek-9-300x200.jpg 300w, https:\/\/nsk.hr\/wp-content\/uploads\/2024\/02\/NSK-Doors-Open-Days-2024_Dobrila-Zvonarek-9-768x512.jpg 768w, https:\/\/nsk.hr\/wp-content\/uploads\/2024\/02\/NSK-Doors-Open-Days-2024_Dobrila-Zvonarek-9-1536x1024.jpg 1536w, https:\/\/nsk.hr\/wp-content\/uploads\/2024\/02\/NSK-Doors-Open-Days-2024_Dobrila-Zvonarek-9-2048x1365.jpg 2048w, https:\/\/nsk.hr\/wp-content\/uploads\/2024\/02\/NSK-Doors-Open-Days-2024_Dobrila-Zvonarek-9-1620x1080.jpg 1620w, https:\/\/nsk.hr\/wp-content\/uploads\/2024\/02\/NSK-Doors-Open-Days-2024_Dobrila-Zvonarek-9-scaled.jpg 1920w\" data-sizes=\"(max-width: 1024px) 100vw, 1024px\" src=\"data:image\/svg+xml;base64,PHN2ZyB3aWR0aD0iMSIgaGVpZ2h0PSIxIiB4bWxucz0iaHR0cDovL3d3dy53My5vcmcvMjAwMC9zdmciPjwvc3ZnPg==\" style=\"--smush-placeholder-width: 1024px; --smush-placeholder-aspect-ratio: 1024\/683;\" \/><figcaption class=\"wp-element-caption\">Director General of the National and University Library in Zagreb (NSK) Professor Ivanka Stri\u010devi\u0107.<\/figcaption><\/figure>\n<\/figure>\n\n\n\n<p>In her message of congratulation, Professor Stri\u010devi\u0107 addressed the Library\u2019s staff and the present guests and thanked for support for <a href=\"https:\/\/nsk.hr\/en\/what-we-do\/\">the Library\u2019s work<\/a> the <a href=\"https:\/\/nsk.hr\/en\/nsk-organisational-structure\/\">Library\u2019s Governing Board<\/a>, <a href=\"https:\/\/mzo.gov.hr\/en\">Ministry of Science and Education<\/a>, <a href=\"https:\/\/min-kulture.gov.hr\/en\">Ministry of Culture and Media<\/a> and the <a href=\"https:\/\/vlada.gov.hr\/en\">Government of the Republic of Croatia<\/a>, the Library\u2019s founder, also expressing gratitude for cooperation to the Library\u2019s many partners, as well as to all individuals and institutions with which the Library collaborated in the past year.<\/p>\n\n\n\n<p>After giving an overview of the <a href=\"https:\/\/nsk.hr\/en\/news\/page\/2\/\">Library\u2019s activities in 2023<\/a>, in which context she particularly emphasised the larger share for the first time in the newly acquired Library\u2019s resources of the digital over analogue content which made 57% of almost 113,000 items which the Library\u2019s accessioned in 2023, as well as the international recognition that its <em>Green Library for Green Croatia<\/em> programme received by being <a href=\"https:\/\/www.linkedin.com\/posts\/energyglobeaward_environment-climate-cleanenergy-activity-7122327688324804608-2y5Z\/?trk=public_profile_like_view\">among the winners of the 2023 Energy Globe Award<\/a>, Professor Stri\u010devi\u0107 announced the Library\u2019s new strategic period.<\/p>\n\n\n\n<p>The celebration programme included the <em>National and University Library in Zagreb Award<\/em> ceremony \u2013 a member of the Conservation and Restoration Division of the Library\u2019s <a href=\"https:\/\/nsk.hr\/en\/conservation\/\">Preservation and Storage Department<\/a> \u0110uro Singer received the award for 2023 in the category for the Library\u2019s outstanding employees and the Director of the <a href=\"https:\/\/en.svkri.hr\/\">Rijeka University Library<\/a> Lea Lazzarich was awarded as a longstanding and prominent library professional for her outstanding contribution to the development of the library profession in Croatia.<\/p>\n\n\n\n<h2 class=\"wp-block-heading\"><\/h2>\n\n\n\n<figure class=\"wp-block-gallery has-nested-images columns-default is-cropped wp-block-gallery-3 is-layout-flex wp-block-gallery-is-layout-flex\">\n<figure class=\"wp-block-image size-large\"><img decoding=\"async\" width=\"1024\" height=\"680\" data-id=\"88853\" data-src=\"https:\/\/nsk.hr\/wp-content\/uploads\/2024\/02\/NSK-Doors-Open-Days-12-1024x680.jpg\" alt=\"\" class=\"wp-image-88853 lazyload\" data-srcset=\"https:\/\/nsk.hr\/wp-content\/uploads\/2024\/02\/NSK-Doors-Open-Days-12-1024x680.jpg 1024w, https:\/\/nsk.hr\/wp-content\/uploads\/2024\/02\/NSK-Doors-Open-Days-12-300x199.jpg 300w, https:\/\/nsk.hr\/wp-content\/uploads\/2024\/02\/NSK-Doors-Open-Days-12-768x510.jpg 768w, https:\/\/nsk.hr\/wp-content\/uploads\/2024\/02\/NSK-Doors-Open-Days-12-1536x1020.jpg 1536w, https:\/\/nsk.hr\/wp-content\/uploads\/2024\/02\/NSK-Doors-Open-Days-12-2048x1360.jpg 2048w, https:\/\/nsk.hr\/wp-content\/uploads\/2024\/02\/NSK-Doors-Open-Days-12-1626x1080.jpg 1626w, https:\/\/nsk.hr\/wp-content\/uploads\/2024\/02\/NSK-Doors-Open-Days-12-scaled.jpg 1920w\" data-sizes=\"(max-width: 1024px) 100vw, 1024px\" src=\"data:image\/svg+xml;base64,PHN2ZyB3aWR0aD0iMSIgaGVpZ2h0PSIxIiB4bWxucz0iaHR0cDovL3d3dy53My5vcmcvMjAwMC9zdmciPjwvc3ZnPg==\" style=\"--smush-placeholder-width: 1024px; --smush-placeholder-aspect-ratio: 1024\/680;\" \/><figcaption class=\"wp-element-caption\">Member of the NSK Preservation and Storage Department \u0110uro Singer, the winner of the 2023 NSK Award in the category for the NSK staff.<\/figcaption><\/figure>\n\n\n\n<figure class=\"wp-block-image size-large\"><img decoding=\"async\" width=\"673\" height=\"1024\" data-id=\"88855\" data-src=\"https:\/\/nsk.hr\/wp-content\/uploads\/2024\/02\/NSK-Doors-Open-Days-13-673x1024.jpg\" alt=\"\" class=\"wp-image-88855 lazyload\" data-srcset=\"https:\/\/nsk.hr\/wp-content\/uploads\/2024\/02\/NSK-Doors-Open-Days-13-673x1024.jpg 673w, https:\/\/nsk.hr\/wp-content\/uploads\/2024\/02\/NSK-Doors-Open-Days-13-197x300.jpg 197w, https:\/\/nsk.hr\/wp-content\/uploads\/2024\/02\/NSK-Doors-Open-Days-13-768x1169.jpg 768w, https:\/\/nsk.hr\/wp-content\/uploads\/2024\/02\/NSK-Doors-Open-Days-13-1009x1536.jpg 1009w, https:\/\/nsk.hr\/wp-content\/uploads\/2024\/02\/NSK-Doors-Open-Days-13-1346x2048.jpg 1346w, https:\/\/nsk.hr\/wp-content\/uploads\/2024\/02\/NSK-Doors-Open-Days-13-710x1080.jpg 710w, https:\/\/nsk.hr\/wp-content\/uploads\/2024\/02\/NSK-Doors-Open-Days-13-scaled.jpg 1262w\" data-sizes=\"(max-width: 673px) 100vw, 673px\" src=\"data:image\/svg+xml;base64,PHN2ZyB3aWR0aD0iMSIgaGVpZ2h0PSIxIiB4bWxucz0iaHR0cDovL3d3dy53My5vcmcvMjAwMC9zdmciPjwvc3ZnPg==\" style=\"--smush-placeholder-width: 673px; --smush-placeholder-aspect-ratio: 673\/1024;\" \/><figcaption class=\"wp-element-caption\">Director of the Rijeka University Library Lea Lazzarich, the winner of the 2023 NSK Award in the category for longstanding prominent library professionals.<\/figcaption><\/figure>\n\n\n\n<figure class=\"wp-block-image size-large\"><img decoding=\"async\" width=\"689\" height=\"1024\" data-id=\"88857\" data-src=\"https:\/\/nsk.hr\/wp-content\/uploads\/2024\/02\/NSK-Doors-Open-Days-14-689x1024.jpg\" alt=\"\" class=\"wp-image-88857 lazyload\" data-srcset=\"https:\/\/nsk.hr\/wp-content\/uploads\/2024\/02\/NSK-Doors-Open-Days-14-689x1024.jpg 689w, https:\/\/nsk.hr\/wp-content\/uploads\/2024\/02\/NSK-Doors-Open-Days-14-202x300.jpg 202w, https:\/\/nsk.hr\/wp-content\/uploads\/2024\/02\/NSK-Doors-Open-Days-14-768x1141.jpg 768w, https:\/\/nsk.hr\/wp-content\/uploads\/2024\/02\/NSK-Doors-Open-Days-14-1033x1536.jpg 1033w, https:\/\/nsk.hr\/wp-content\/uploads\/2024\/02\/NSK-Doors-Open-Days-14-1378x2048.jpg 1378w, https:\/\/nsk.hr\/wp-content\/uploads\/2024\/02\/NSK-Doors-Open-Days-14-727x1080.jpg 727w, https:\/\/nsk.hr\/wp-content\/uploads\/2024\/02\/NSK-Doors-Open-Days-14-scaled.jpg 1292w\" data-sizes=\"(max-width: 689px) 100vw, 689px\" src=\"data:image\/svg+xml;base64,PHN2ZyB3aWR0aD0iMSIgaGVpZ2h0PSIxIiB4bWxucz0iaHR0cDovL3d3dy53My5vcmcvMjAwMC9zdmciPjwvc3ZnPg==\" style=\"--smush-placeholder-width: 689px; --smush-placeholder-aspect-ratio: 689\/1024;\" \/><figcaption class=\"wp-element-caption\">Dr Vida Vukoja, the Director of the Old Church Slavonic Institute, the winner of the 2023 special award of the NSK Director General for legal entities.<\/figcaption><\/figure>\n<\/figure>\n\n\n\n<p>The 2023 award from the NSK Director General for a legal entity successful in implementing intrasectoral and intersectoral cooperation initiatives was presented to <a>Dr Vida Vukoja, as the Director of <\/a>the <a href=\"https:\/\/hr.linkedin.com\/company\/the-old-church-slavonic-institute\">Old Church Slavonic Institute<\/a>. The remaining 2023 special awards from the NSK Director General went to a <a>former Head of the Library\u2019s Preservation and Storage Department\u2019s Storage Division Mirjana Ti\u0161ljar, <\/a>for excellence and proactivity in her long professional career, and the NSK Joint Operations Department\u2019s Financial Operations and Accounting Section, for excellence and proactivity in fostering team work.<\/p>\n\n\n\n<h2 class=\"wp-block-heading\"><\/h2>\n\n\n\n<figure class=\"wp-block-gallery has-nested-images columns-default is-cropped wp-block-gallery-4 is-layout-flex wp-block-gallery-is-layout-flex\">\n<figure class=\"wp-block-image size-large\"><img decoding=\"async\" width=\"682\" height=\"1024\" data-id=\"88859\" data-src=\"https:\/\/nsk.hr\/wp-content\/uploads\/2024\/02\/NSK-Doors-Open-Days-15-682x1024.jpg\" alt=\"\" class=\"wp-image-88859 lazyload\" data-srcset=\"https:\/\/nsk.hr\/wp-content\/uploads\/2024\/02\/NSK-Doors-Open-Days-15-682x1024.jpg 682w, https:\/\/nsk.hr\/wp-content\/uploads\/2024\/02\/NSK-Doors-Open-Days-15-200x300.jpg 200w, https:\/\/nsk.hr\/wp-content\/uploads\/2024\/02\/NSK-Doors-Open-Days-15-768x1153.jpg 768w, https:\/\/nsk.hr\/wp-content\/uploads\/2024\/02\/NSK-Doors-Open-Days-15-1023x1536.jpg 1023w, https:\/\/nsk.hr\/wp-content\/uploads\/2024\/02\/NSK-Doors-Open-Days-15-1364x2048.jpg 1364w, https:\/\/nsk.hr\/wp-content\/uploads\/2024\/02\/NSK-Doors-Open-Days-15-719x1080.jpg 719w, https:\/\/nsk.hr\/wp-content\/uploads\/2024\/02\/NSK-Doors-Open-Days-15-scaled.jpg 1279w\" data-sizes=\"(max-width: 682px) 100vw, 682px\" src=\"data:image\/svg+xml;base64,PHN2ZyB3aWR0aD0iMSIgaGVpZ2h0PSIxIiB4bWxucz0iaHR0cDovL3d3dy53My5vcmcvMjAwMC9zdmciPjwvc3ZnPg==\" style=\"--smush-placeholder-width: 682px; --smush-placeholder-aspect-ratio: 682\/1024;\" \/><figcaption class=\"wp-element-caption\">Mirjana Ti\u0161ljar, former Head of the Library\u2019s Preservation and Storage Department\u2019s Storage Division and the winner of one of the 2023 special awards of the NSK Director General, and NSK Director General Professor Ivanka Stri\u010devi\u0107.<\/figcaption><\/figure>\n\n\n\n<figure class=\"wp-block-image size-large\"><img decoding=\"async\" width=\"1024\" height=\"683\" data-id=\"88930\" data-src=\"https:\/\/nsk.hr\/wp-content\/uploads\/2024\/02\/NSK-Doors-Open-Days-2024_Dobrila-Zvonarek-4-1024x683.jpg\" alt=\"\" class=\"wp-image-88930 lazyload\" data-srcset=\"https:\/\/nsk.hr\/wp-content\/uploads\/2024\/02\/NSK-Doors-Open-Days-2024_Dobrila-Zvonarek-4-1024x683.jpg 1024w, https:\/\/nsk.hr\/wp-content\/uploads\/2024\/02\/NSK-Doors-Open-Days-2024_Dobrila-Zvonarek-4-300x200.jpg 300w, https:\/\/nsk.hr\/wp-content\/uploads\/2024\/02\/NSK-Doors-Open-Days-2024_Dobrila-Zvonarek-4-768x512.jpg 768w, https:\/\/nsk.hr\/wp-content\/uploads\/2024\/02\/NSK-Doors-Open-Days-2024_Dobrila-Zvonarek-4-1536x1024.jpg 1536w, https:\/\/nsk.hr\/wp-content\/uploads\/2024\/02\/NSK-Doors-Open-Days-2024_Dobrila-Zvonarek-4-2048x1365.jpg 2048w, https:\/\/nsk.hr\/wp-content\/uploads\/2024\/02\/NSK-Doors-Open-Days-2024_Dobrila-Zvonarek-4-1620x1080.jpg 1620w, https:\/\/nsk.hr\/wp-content\/uploads\/2024\/02\/NSK-Doors-Open-Days-2024_Dobrila-Zvonarek-4-scaled.jpg 1920w\" data-sizes=\"(max-width: 1024px) 100vw, 1024px\" src=\"data:image\/svg+xml;base64,PHN2ZyB3aWR0aD0iMSIgaGVpZ2h0PSIxIiB4bWxucz0iaHR0cDovL3d3dy53My5vcmcvMjAwMC9zdmciPjwvc3ZnPg==\" style=\"--smush-placeholder-width: 1024px; --smush-placeholder-aspect-ratio: 1024\/683;\" \/><figcaption class=\"wp-element-caption\">Sandra Zub\u010di\u0107, member of the NSK Joint Operations Department\u2019s Financial Operations and Accounting Section, the winner of one of the 2023 special awards of the NSK Director General, and NSK Director General Professor Ivanka Stri\u010devi\u0107.<\/figcaption><\/figure>\n<\/figure>\n\n\n\n<h2 class=\"wp-block-heading\"><\/h2>\n\n\n\n<p>The celebration attendees enjoyed an accompanying musical programme featuring a performance by the&nbsp;<a href=\"https:\/\/flamaduo.com\/\">Flam-a Duo<\/a>&nbsp;percussion ensemble.<\/p>\n\n\n\n<figure class=\"wp-block-image size-large\"><img decoding=\"async\" width=\"1024\" height=\"683\" data-src=\"https:\/\/nsk.hr\/wp-content\/uploads\/2024\/02\/NSK-Doors-Open-Days-2024_Dobrila-Zvonarek-5-1024x683.jpg\" alt=\"\" class=\"wp-image-88940 lazyload\" data-srcset=\"https:\/\/nsk.hr\/wp-content\/uploads\/2024\/02\/NSK-Doors-Open-Days-2024_Dobrila-Zvonarek-5-1024x683.jpg 1024w, https:\/\/nsk.hr\/wp-content\/uploads\/2024\/02\/NSK-Doors-Open-Days-2024_Dobrila-Zvonarek-5-300x200.jpg 300w, https:\/\/nsk.hr\/wp-content\/uploads\/2024\/02\/NSK-Doors-Open-Days-2024_Dobrila-Zvonarek-5-768x512.jpg 768w, https:\/\/nsk.hr\/wp-content\/uploads\/2024\/02\/NSK-Doors-Open-Days-2024_Dobrila-Zvonarek-5-1536x1024.jpg 1536w, https:\/\/nsk.hr\/wp-content\/uploads\/2024\/02\/NSK-Doors-Open-Days-2024_Dobrila-Zvonarek-5-2048x1365.jpg 2048w, https:\/\/nsk.hr\/wp-content\/uploads\/2024\/02\/NSK-Doors-Open-Days-2024_Dobrila-Zvonarek-5-1620x1080.jpg 1620w, https:\/\/nsk.hr\/wp-content\/uploads\/2024\/02\/NSK-Doors-Open-Days-2024_Dobrila-Zvonarek-5-scaled.jpg 1920w\" data-sizes=\"(max-width: 1024px) 100vw, 1024px\" src=\"data:image\/svg+xml;base64,PHN2ZyB3aWR0aD0iMSIgaGVpZ2h0PSIxIiB4bWxucz0iaHR0cDovL3d3dy53My5vcmcvMjAwMC9zdmciPjwvc3ZnPg==\" style=\"--smush-placeholder-width: 1024px; --smush-placeholder-aspect-ratio: 1024\/683;\" \/><figcaption class=\"wp-element-caption\">Flam-a Duo percussion ensemble.<\/figcaption><\/figure>\n\n\n\n<p>Ushering in the celebration was the two-day&nbsp;<em><a href=\"https:\/\/nsk.hr\/en\/events\/nsk-doors-open-days-2024\/\">NSK Doors Open Days<\/a><\/em> programme, as part of which the general public could learn more about the <a href=\"https:\/\/nsk.hr\/en\/nsk-collections\/\">Library\u2019s collections<\/a> and its <a href=\"https:\/\/nsk.hr\/en\/all-nsk-services\/\">services<\/a>, <a href=\"https:\/\/nsk.hr\/en\/\">programmes and events<\/a>.<\/p>\n\n\n\n<h2 class=\"wp-block-heading\"><\/h2>\n\n\n\n<figure class=\"wp-block-gallery has-nested-images columns-default is-cropped wp-block-gallery-5 is-layout-flex wp-block-gallery-is-layout-flex\">\n<figure class=\"wp-block-image size-large\"><img decoding=\"async\" width=\"1024\" height=\"683\" data-id=\"88866\" data-src=\"https:\/\/nsk.hr\/wp-content\/uploads\/2024\/02\/NSK-Doors-Open-Days-2024_Dobrila-Zvonarek-3-1024x683.jpg\" alt=\"\" class=\"wp-image-88866 lazyload\" data-srcset=\"https:\/\/nsk.hr\/wp-content\/uploads\/2024\/02\/NSK-Doors-Open-Days-2024_Dobrila-Zvonarek-3-1024x683.jpg 1024w, https:\/\/nsk.hr\/wp-content\/uploads\/2024\/02\/NSK-Doors-Open-Days-2024_Dobrila-Zvonarek-3-300x200.jpg 300w, https:\/\/nsk.hr\/wp-content\/uploads\/2024\/02\/NSK-Doors-Open-Days-2024_Dobrila-Zvonarek-3-768x512.jpg 768w, https:\/\/nsk.hr\/wp-content\/uploads\/2024\/02\/NSK-Doors-Open-Days-2024_Dobrila-Zvonarek-3-1536x1024.jpg 1536w, https:\/\/nsk.hr\/wp-content\/uploads\/2024\/02\/NSK-Doors-Open-Days-2024_Dobrila-Zvonarek-3-2048x1365.jpg 2048w, https:\/\/nsk.hr\/wp-content\/uploads\/2024\/02\/NSK-Doors-Open-Days-2024_Dobrila-Zvonarek-3-1620x1080.jpg 1620w, https:\/\/nsk.hr\/wp-content\/uploads\/2024\/02\/NSK-Doors-Open-Days-2024_Dobrila-Zvonarek-3-scaled.jpg 1920w\" data-sizes=\"(max-width: 1024px) 100vw, 1024px\" src=\"data:image\/svg+xml;base64,PHN2ZyB3aWR0aD0iMSIgaGVpZ2h0PSIxIiB4bWxucz0iaHR0cDovL3d3dy53My5vcmcvMjAwMC9zdmciPjwvc3ZnPg==\" style=\"--smush-placeholder-width: 1024px; --smush-placeholder-aspect-ratio: 1024\/683;\" \/><\/figure>\n\n\n\n<figure class=\"wp-block-image size-large\"><img decoding=\"async\" width=\"912\" height=\"1024\" data-id=\"88865\" data-src=\"https:\/\/nsk.hr\/wp-content\/uploads\/2024\/02\/NSK-Doors-Open-Days-2024_Maja-Mlinarevic-1-912x1024.jpg\" alt=\"\" class=\"wp-image-88865 lazyload\" data-srcset=\"https:\/\/nsk.hr\/wp-content\/uploads\/2024\/02\/NSK-Doors-Open-Days-2024_Maja-Mlinarevic-1-912x1024.jpg 912w, https:\/\/nsk.hr\/wp-content\/uploads\/2024\/02\/NSK-Doors-Open-Days-2024_Maja-Mlinarevic-1-267x300.jpg 267w, https:\/\/nsk.hr\/wp-content\/uploads\/2024\/02\/NSK-Doors-Open-Days-2024_Maja-Mlinarevic-1-768x862.jpg 768w, https:\/\/nsk.hr\/wp-content\/uploads\/2024\/02\/NSK-Doors-Open-Days-2024_Maja-Mlinarevic-1-1369x1536.jpg 1369w, https:\/\/nsk.hr\/wp-content\/uploads\/2024\/02\/NSK-Doors-Open-Days-2024_Maja-Mlinarevic-1-1825x2048.jpg 1825w, https:\/\/nsk.hr\/wp-content\/uploads\/2024\/02\/NSK-Doors-Open-Days-2024_Maja-Mlinarevic-1-962x1080.jpg 962w, https:\/\/nsk.hr\/wp-content\/uploads\/2024\/02\/NSK-Doors-Open-Days-2024_Maja-Mlinarevic-1-scaled.jpg 1711w\" data-sizes=\"(max-width: 912px) 100vw, 912px\" src=\"data:image\/svg+xml;base64,PHN2ZyB3aWR0aD0iMSIgaGVpZ2h0PSIxIiB4bWxucz0iaHR0cDovL3d3dy53My5vcmcvMjAwMC9zdmciPjwvc3ZnPg==\" style=\"--smush-placeholder-width: 912px; --smush-placeholder-aspect-ratio: 912\/1024;\" \/><\/figure>\n\n\n\n<figure class=\"wp-block-image size-large\"><img decoding=\"async\" width=\"1024\" height=\"768\" data-id=\"88869\" data-src=\"https:\/\/nsk.hr\/wp-content\/uploads\/2024\/02\/NSK-Doors-Open-Days-2024_Maja-Mlinarevic-2-1024x768.jpg\" alt=\"\" class=\"wp-image-88869 lazyload\" data-srcset=\"https:\/\/nsk.hr\/wp-content\/uploads\/2024\/02\/NSK-Doors-Open-Days-2024_Maja-Mlinarevic-2-1024x768.jpg 1024w, https:\/\/nsk.hr\/wp-content\/uploads\/2024\/02\/NSK-Doors-Open-Days-2024_Maja-Mlinarevic-2-300x225.jpg 300w, https:\/\/nsk.hr\/wp-content\/uploads\/2024\/02\/NSK-Doors-Open-Days-2024_Maja-Mlinarevic-2-768x576.jpg 768w, https:\/\/nsk.hr\/wp-content\/uploads\/2024\/02\/NSK-Doors-Open-Days-2024_Maja-Mlinarevic-2-1536x1152.jpg 1536w, https:\/\/nsk.hr\/wp-content\/uploads\/2024\/02\/NSK-Doors-Open-Days-2024_Maja-Mlinarevic-2-2048x1536.jpg 2048w, https:\/\/nsk.hr\/wp-content\/uploads\/2024\/02\/NSK-Doors-Open-Days-2024_Maja-Mlinarevic-2-1440x1080.jpg 1440w, https:\/\/nsk.hr\/wp-content\/uploads\/2024\/02\/NSK-Doors-Open-Days-2024_Maja-Mlinarevic-2-scaled.jpg 1920w\" data-sizes=\"(max-width: 1024px) 100vw, 1024px\" src=\"data:image\/svg+xml;base64,PHN2ZyB3aWR0aD0iMSIgaGVpZ2h0PSIxIiB4bWxucz0iaHR0cDovL3d3dy53My5vcmcvMjAwMC9zdmciPjwvc3ZnPg==\" style=\"--smush-placeholder-width: 1024px; --smush-placeholder-aspect-ratio: 1024\/768;\" \/><\/figure>\n\n\n\n<figure class=\"wp-block-image size-large\"><img decoding=\"async\" width=\"1024\" height=\"768\" data-id=\"88871\" data-src=\"https:\/\/nsk.hr\/wp-content\/uploads\/2024\/02\/NSK-Doors-Open-Days-2024_Maja-Mlinarevic-5-1024x768.jpg\" alt=\"\" class=\"wp-image-88871 lazyload\" data-srcset=\"https:\/\/nsk.hr\/wp-content\/uploads\/2024\/02\/NSK-Doors-Open-Days-2024_Maja-Mlinarevic-5-1024x768.jpg 1024w, https:\/\/nsk.hr\/wp-content\/uploads\/2024\/02\/NSK-Doors-Open-Days-2024_Maja-Mlinarevic-5-300x225.jpg 300w, https:\/\/nsk.hr\/wp-content\/uploads\/2024\/02\/NSK-Doors-Open-Days-2024_Maja-Mlinarevic-5-768x576.jpg 768w, https:\/\/nsk.hr\/wp-content\/uploads\/2024\/02\/NSK-Doors-Open-Days-2024_Maja-Mlinarevic-5-1536x1152.jpg 1536w, https:\/\/nsk.hr\/wp-content\/uploads\/2024\/02\/NSK-Doors-Open-Days-2024_Maja-Mlinarevic-5-2048x1536.jpg 2048w, https:\/\/nsk.hr\/wp-content\/uploads\/2024\/02\/NSK-Doors-Open-Days-2024_Maja-Mlinarevic-5-1440x1080.jpg 1440w, https:\/\/nsk.hr\/wp-content\/uploads\/2024\/02\/NSK-Doors-Open-Days-2024_Maja-Mlinarevic-5-scaled.jpg 1653w\" data-sizes=\"(max-width: 1024px) 100vw, 1024px\" src=\"data:image\/svg+xml;base64,PHN2ZyB3aWR0aD0iMSIgaGVpZ2h0PSIxIiB4bWxucz0iaHR0cDovL3d3dy53My5vcmcvMjAwMC9zdmciPjwvc3ZnPg==\" style=\"--smush-placeholder-width: 1024px; --smush-placeholder-aspect-ratio: 1024\/768;\" \/><\/figure>\n\n\n\n<figure class=\"wp-block-image size-large\"><img decoding=\"async\" width=\"1024\" height=\"768\" data-id=\"88873\" data-src=\"https:\/\/nsk.hr\/wp-content\/uploads\/2024\/02\/NSK-Doors-Open-Days-2024_Maja-Mlinarevic-7-1024x768.jpg\" alt=\"\" class=\"wp-image-88873 lazyload\" data-srcset=\"https:\/\/nsk.hr\/wp-content\/uploads\/2024\/02\/NSK-Doors-Open-Days-2024_Maja-Mlinarevic-7-1024x768.jpg 1024w, https:\/\/nsk.hr\/wp-content\/uploads\/2024\/02\/NSK-Doors-Open-Days-2024_Maja-Mlinarevic-7-300x225.jpg 300w, https:\/\/nsk.hr\/wp-content\/uploads\/2024\/02\/NSK-Doors-Open-Days-2024_Maja-Mlinarevic-7-768x576.jpg 768w, https:\/\/nsk.hr\/wp-content\/uploads\/2024\/02\/NSK-Doors-Open-Days-2024_Maja-Mlinarevic-7-1536x1152.jpg 1536w, https:\/\/nsk.hr\/wp-content\/uploads\/2024\/02\/NSK-Doors-Open-Days-2024_Maja-Mlinarevic-7-2048x1536.jpg 2048w, https:\/\/nsk.hr\/wp-content\/uploads\/2024\/02\/NSK-Doors-Open-Days-2024_Maja-Mlinarevic-7-1440x1080.jpg 1440w, https:\/\/nsk.hr\/wp-content\/uploads\/2024\/02\/NSK-Doors-Open-Days-2024_Maja-Mlinarevic-7-scaled.jpg 1920w\" data-sizes=\"(max-width: 1024px) 100vw, 1024px\" src=\"data:image\/svg+xml;base64,PHN2ZyB3aWR0aD0iMSIgaGVpZ2h0PSIxIiB4bWxucz0iaHR0cDovL3d3dy53My5vcmcvMjAwMC9zdmciPjwvc3ZnPg==\" style=\"--smush-placeholder-width: 1024px; --smush-placeholder-aspect-ratio: 1024\/768;\" \/><\/figure>\n\n\n\n<figure class=\"wp-block-image size-large\"><img decoding=\"async\" width=\"1024\" height=\"768\" data-id=\"88875\" data-src=\"https:\/\/nsk.hr\/wp-content\/uploads\/2024\/02\/NSK-Doors-Open-Days-2024_Maja-Mlinarevic-8-1024x768.jpg\" alt=\"\" class=\"wp-image-88875 lazyload\" data-srcset=\"https:\/\/nsk.hr\/wp-content\/uploads\/2024\/02\/NSK-Doors-Open-Days-2024_Maja-Mlinarevic-8-1024x768.jpg 1024w, https:\/\/nsk.hr\/wp-content\/uploads\/2024\/02\/NSK-Doors-Open-Days-2024_Maja-Mlinarevic-8-300x225.jpg 300w, https:\/\/nsk.hr\/wp-content\/uploads\/2024\/02\/NSK-Doors-Open-Days-2024_Maja-Mlinarevic-8-768x576.jpg 768w, https:\/\/nsk.hr\/wp-content\/uploads\/2024\/02\/NSK-Doors-Open-Days-2024_Maja-Mlinarevic-8-1536x1152.jpg 1536w, https:\/\/nsk.hr\/wp-content\/uploads\/2024\/02\/NSK-Doors-Open-Days-2024_Maja-Mlinarevic-8-2048x1536.jpg 2048w, https:\/\/nsk.hr\/wp-content\/uploads\/2024\/02\/NSK-Doors-Open-Days-2024_Maja-Mlinarevic-8-1440x1080.jpg 1440w, https:\/\/nsk.hr\/wp-content\/uploads\/2024\/02\/NSK-Doors-Open-Days-2024_Maja-Mlinarevic-8-scaled.jpg 1920w\" data-sizes=\"(max-width: 1024px) 100vw, 1024px\" src=\"data:image\/svg+xml;base64,PHN2ZyB3aWR0aD0iMSIgaGVpZ2h0PSIxIiB4bWxucz0iaHR0cDovL3d3dy53My5vcmcvMjAwMC9zdmciPjwvc3ZnPg==\" style=\"--smush-placeholder-width: 1024px; --smush-placeholder-aspect-ratio: 1024\/768;\" \/><\/figure>\n\n\n\n<figure class=\"wp-block-image size-large\"><img decoding=\"async\" width=\"1024\" height=\"768\" data-id=\"88877\" data-src=\"https:\/\/nsk.hr\/wp-content\/uploads\/2024\/02\/NSK-Doors-Open-Days-2024_Maja-Mlinarevic-9-1024x768.jpg\" alt=\"\" class=\"wp-image-88877 lazyload\" data-srcset=\"https:\/\/nsk.hr\/wp-content\/uploads\/2024\/02\/NSK-Doors-Open-Days-2024_Maja-Mlinarevic-9-1024x768.jpg 1024w, https:\/\/nsk.hr\/wp-content\/uploads\/2024\/02\/NSK-Doors-Open-Days-2024_Maja-Mlinarevic-9-300x225.jpg 300w, https:\/\/nsk.hr\/wp-content\/uploads\/2024\/02\/NSK-Doors-Open-Days-2024_Maja-Mlinarevic-9-768x576.jpg 768w, https:\/\/nsk.hr\/wp-content\/uploads\/2024\/02\/NSK-Doors-Open-Days-2024_Maja-Mlinarevic-9-1536x1152.jpg 1536w, https:\/\/nsk.hr\/wp-content\/uploads\/2024\/02\/NSK-Doors-Open-Days-2024_Maja-Mlinarevic-9-1440x1080.jpg 1440w, https:\/\/nsk.hr\/wp-content\/uploads\/2024\/02\/NSK-Doors-Open-Days-2024_Maja-Mlinarevic-9-scaled.jpg 1920w\" data-sizes=\"(max-width: 1024px) 100vw, 1024px\" src=\"data:image\/svg+xml;base64,PHN2ZyB3aWR0aD0iMSIgaGVpZ2h0PSIxIiB4bWxucz0iaHR0cDovL3d3dy53My5vcmcvMjAwMC9zdmciPjwvc3ZnPg==\" style=\"--smush-placeholder-width: 1024px; --smush-placeholder-aspect-ratio: 1024\/768;\" \/><\/figure>\n\n\n\n<figure class=\"wp-block-image size-large\"><img decoding=\"async\" width=\"1024\" height=\"768\" data-id=\"88879\" data-src=\"https:\/\/nsk.hr\/wp-content\/uploads\/2024\/02\/NSK-Doors-Open-Days-2024_Maja-Mlinarevic-10-1024x768.jpg\" alt=\"\" class=\"wp-image-88879 lazyload\" data-srcset=\"https:\/\/nsk.hr\/wp-content\/uploads\/2024\/02\/NSK-Doors-Open-Days-2024_Maja-Mlinarevic-10-1024x768.jpg 1024w, https:\/\/nsk.hr\/wp-content\/uploads\/2024\/02\/NSK-Doors-Open-Days-2024_Maja-Mlinarevic-10-300x225.jpg 300w, https:\/\/nsk.hr\/wp-content\/uploads\/2024\/02\/NSK-Doors-Open-Days-2024_Maja-Mlinarevic-10-768x576.jpg 768w, https:\/\/nsk.hr\/wp-content\/uploads\/2024\/02\/NSK-Doors-Open-Days-2024_Maja-Mlinarevic-10-1536x1152.jpg 1536w, https:\/\/nsk.hr\/wp-content\/uploads\/2024\/02\/NSK-Doors-Open-Days-2024_Maja-Mlinarevic-10-2048x1536.jpg 2048w, https:\/\/nsk.hr\/wp-content\/uploads\/2024\/02\/NSK-Doors-Open-Days-2024_Maja-Mlinarevic-10-1440x1080.jpg 1440w, https:\/\/nsk.hr\/wp-content\/uploads\/2024\/02\/NSK-Doors-Open-Days-2024_Maja-Mlinarevic-10-scaled.jpg 1920w\" data-sizes=\"(max-width: 1024px) 100vw, 1024px\" src=\"data:image\/svg+xml;base64,PHN2ZyB3aWR0aD0iMSIgaGVpZ2h0PSIxIiB4bWxucz0iaHR0cDovL3d3dy53My5vcmcvMjAwMC9zdmciPjwvc3ZnPg==\" style=\"--smush-placeholder-width: 1024px; --smush-placeholder-aspect-ratio: 1024\/768;\" \/><\/figure>\n<figcaption class=\"blocks-gallery-caption wp-element-caption\">Visitors of the 2024 <em><a href=\"https:\/\/nsk.hr\/en\/events\/nsk-doors-open-days-2024\/\">NSK Doors Open Days<\/a><\/em> programme. <\/figcaption><\/figure>\n\n\n\n<p>The National and University Library in Zagreb Day, NSK Day, is marked in memory of 22 February 1483, the day of the&nbsp;<a href=\"https:\/\/digitalna.nsk.hr\/?pr=iiif.v.a&amp;id=13837\">printing of the first book in the Croatian language<\/a>, a \u2018Missal by the Law of the Roman Court\u2019&nbsp;<em>(Misal po zakonu rimskoga dvora<\/em>;&nbsp;<em>Missale Romanum glagolitice<\/em>), which the Library preserves as one of its greatest treasures, in its&nbsp;<a href=\"https:\/\/nsk.hr\/en\/nsk-collections\/nsk-manuscripts-and-old-books-collection\/\">Manuscripts and Old Books Collection<\/a>. Also, the Library\u2019s logotype, the letter of the angular Glagolitic alphabet&nbsp;<em>I\u017ee<\/em>, i.e. the transliterated Latin letter \u2018I\u2019, has been taken over precisely from this historic missal, the oldest incunabulum in the Croatian language and the first book in Europe not printed in the Latin alphabet, the date of whose publication since 2019 has also been celebrated as the&nbsp;<a href=\"https:\/\/www.sabor.hr\/en\/press\/news\/parliament-soon-decide-declaring-22-february-croatian-glagolitic-script-day\">Croatian Glagolitic Script Day<\/a> and whose digital copy is available on the <em>Croatian Glagolitic Heritage<\/em> website (<a href=\"https:\/\/glagoljica.hr\/\">Glagoljica.hr<\/a>), along with other works of the <a href=\"http:\/\/virtualna.nsk.hr\/glagoljica\/?lang=en\">Croatian Glagolitic tradition<\/a>.<\/p>\n\n\n\n<figure class=\"wp-block-image size-large\"><img decoding=\"async\" width=\"1024\" height=\"644\" data-src=\"https:\/\/nsk.hr\/wp-content\/uploads\/2024\/02\/Missale-Romanum-glagolitice_1-1024x644.png\" alt=\"\u201cMissale Romanum glagolitice\u201d (1483), the first book printed in the Croatian language.\" class=\"wp-image-88646 lazyload\" data-srcset=\"https:\/\/nsk.hr\/wp-content\/uploads\/2024\/02\/Missale-Romanum-glagolitice_1-1024x644.png 1024w, https:\/\/nsk.hr\/wp-content\/uploads\/2024\/02\/Missale-Romanum-glagolitice_1-300x189.png 300w, https:\/\/nsk.hr\/wp-content\/uploads\/2024\/02\/Missale-Romanum-glagolitice_1-768x483.png 768w, https:\/\/nsk.hr\/wp-content\/uploads\/2024\/02\/Missale-Romanum-glagolitice_1-1536x966.png 1536w, https:\/\/nsk.hr\/wp-content\/uploads\/2024\/02\/Missale-Romanum-glagolitice_1-1717x1080.png 1717w, https:\/\/nsk.hr\/wp-content\/uploads\/2024\/02\/Missale-Romanum-glagolitice_1.png 1920w\" data-sizes=\"(max-width: 1024px) 100vw, 1024px\" src=\"data:image\/svg+xml;base64,PHN2ZyB3aWR0aD0iMSIgaGVpZ2h0PSIxIiB4bWxucz0iaHR0cDovL3d3dy53My5vcmcvMjAwMC9zdmciPjwvc3ZnPg==\" style=\"--smush-placeholder-width: 1024px; --smush-placeholder-aspect-ratio: 1024\/644;\" \/><figcaption class=\"wp-element-caption\"><em><a href=\"https:\/\/digitalna.nsk.hr\/?pr=iiif.v.a&amp;id=13837\">Missale Romanum glagolitice<\/a><\/em> (1483).&nbsp;<a href=\"https:\/\/nsk.hr\/en\/nsk-collections\/nsk-manuscripts-and-old-books-collection\/\">NSK Manuscripts and Old Books Collection<\/a>.<\/figcaption><\/figure>\n","protected":false},"excerpt":{"rendered":"<p>On 22 February 2024, the National and University Library in Zagreb (NSK) organised and hosted a special programme marking this year\u2019s NSK Day and&#8230;<\/p>\n","protected":false},"author":11,"featured_media":88910,"comment_status":"closed","ping_status":"open","sticky":false,"template":"","format":"standard","meta":{"_acf_changed":false,"ngg_post_thumbnail":0,"footnotes":""},"categories":[166],"tags":[548,481,816,815,980],"class_list":["post-88816","post","type-post","status-publish","format-standard","has-post-thumbnail","hentry","category-news","tag-croatian-glagolitic-script","tag-croatian-glagolitic-script-day-2024","tag-national-and-university-library-in-zagreb-day","tag-nsk-day","tag-nsk-events"],"acf":[],"yoast_head":"<!-- This site is optimized with the Yoast SEO plugin v25.4 - https:\/\/yoast.com\/wordpress\/plugins\/seo\/ -->\n<title>National and University Library in Zagreb celebrates NSK Day 2024 - Nacionalna i sveu\u010dili\u0161na knji\u017enica u Zagrebu<\/title>\n<meta name=\"description\" content=\"On 22 February 2024, the National and University Library in Zagreb (NSK) organised and hosted a special programme marking the 2024 National and University Library in Zagreb Day and 417 years of NSK\u2019s history.\" \/>\n<meta name=\"robots\" content=\"index, follow, max-snippet:-1, max-image-preview:large, max-video-preview:-1\" \/>\n<link rel=\"canonical\" href=\"https:\/\/nsk.hr\/en\/news\/national-and-university-library-in-zagreb-celebrates-nsk-day-2024\/\" \/>\n<meta property=\"og:locale\" content=\"en_US\" \/>\n<meta property=\"og:type\" content=\"article\" \/>\n<meta property=\"og:title\" content=\"National and University Library in Zagreb celebrates NSK Day 2024 - Nacionalna i sveu\u010dili\u0161na knji\u017enica u Zagrebu\" \/>\n<meta property=\"og:description\" content=\"On 22 February 2024, the National and University Library in Zagreb (NSK) organised and hosted a special programme marking the 2024 National and University Library in Zagreb Day and 417 years of NSK\u2019s history.\" \/>\n<meta property=\"og:url\" content=\"https:\/\/nsk.hr\/en\/news\/national-and-university-library-in-zagreb-celebrates-nsk-day-2024\/\" \/>\n<meta property=\"og:site_name\" content=\"Nacionalna i sveu\u010dili\u0161na knji\u017enica u Zagrebu\" \/>\n<meta property=\"article:published_time\" content=\"2024-02-22T14:55:28+00:00\" \/>\n<meta property=\"article:modified_time\" content=\"2025-09-18T10:33:27+00:00\" \/>\n<meta property=\"og:image\" content=\"https:\/\/nsk.hr\/wp-content\/uploads\/2024\/02\/NSK-Day-2024_featured-1.jpg\" \/>\n\t<meta property=\"og:image:width\" content=\"1620\" \/>\n\t<meta property=\"og:image:height\" content=\"1080\" \/>\n\t<meta property=\"og:image:type\" content=\"image\/jpeg\" \/>\n<meta name=\"author\" content=\"dlasic\" \/>\n<meta name=\"twitter:card\" content=\"summary_large_image\" \/>\n<meta name=\"twitter:label1\" content=\"Written by\" \/>\n\t<meta name=\"twitter:data1\" content=\"dlasic\" \/>\n\t<meta name=\"twitter:label2\" content=\"Est. reading time\" \/>\n\t<meta name=\"twitter:data2\" content=\"8 minutes\" \/>\n<script type=\"application\/ld+json\" class=\"yoast-schema-graph\">{\"@context\":\"https:\/\/schema.org\",\"@graph\":[{\"@type\":\"WebPage\",\"@id\":\"https:\/\/nsk.hr\/en\/news\/national-and-university-library-in-zagreb-celebrates-nsk-day-2024\/\",\"url\":\"https:\/\/nsk.hr\/en\/news\/national-and-university-library-in-zagreb-celebrates-nsk-day-2024\/\",\"name\":\"National and University Library in Zagreb celebrates NSK Day 2024 - Nacionalna i sveu\u010dili\u0161na knji\u017enica u Zagrebu\",\"isPartOf\":{\"@id\":\"https:\/\/nsk.hr\/en\/#website\"},\"primaryImageOfPage\":{\"@id\":\"https:\/\/nsk.hr\/en\/news\/national-and-university-library-in-zagreb-celebrates-nsk-day-2024\/#primaryimage\"},\"image\":{\"@id\":\"https:\/\/nsk.hr\/en\/news\/national-and-university-library-in-zagreb-celebrates-nsk-day-2024\/#primaryimage\"},\"thumbnailUrl\":\"https:\/\/nsk.hr\/wp-content\/uploads\/2024\/02\/NSK-Day-2024_featured-1.jpg\",\"datePublished\":\"2024-02-22T14:55:28+00:00\",\"dateModified\":\"2025-09-18T10:33:27+00:00\",\"author\":{\"@id\":\"https:\/\/nsk.hr\/en\/#\/schema\/person\/ac622a1e175d155b5815b190a18ed8bd\"},\"description\":\"On 22 February 2024, the National and University Library in Zagreb (NSK) organised and hosted a special programme marking the 2024 National and University Library in Zagreb Day and 417 years of NSK\u2019s history.\",\"breadcrumb\":{\"@id\":\"https:\/\/nsk.hr\/en\/news\/national-and-university-library-in-zagreb-celebrates-nsk-day-2024\/#breadcrumb\"},\"inLanguage\":\"en-US\",\"potentialAction\":[{\"@type\":\"ReadAction\",\"target\":[\"https:\/\/nsk.hr\/en\/news\/national-and-university-library-in-zagreb-celebrates-nsk-day-2024\/\"]}]},{\"@type\":\"ImageObject\",\"inLanguage\":\"en-US\",\"@id\":\"https:\/\/nsk.hr\/en\/news\/national-and-university-library-in-zagreb-celebrates-nsk-day-2024\/#primaryimage\",\"url\":\"https:\/\/nsk.hr\/wp-content\/uploads\/2024\/02\/NSK-Day-2024_featured-1.jpg\",\"contentUrl\":\"https:\/\/nsk.hr\/wp-content\/uploads\/2024\/02\/NSK-Day-2024_featured-1.jpg\",\"width\":1620,\"height\":1080,\"caption\":\"Celebration of 2024 National and University Library in Zagreb Day.\"},{\"@type\":\"BreadcrumbList\",\"@id\":\"https:\/\/nsk.hr\/en\/news\/national-and-university-library-in-zagreb-celebrates-nsk-day-2024\/#breadcrumb\",\"itemListElement\":[{\"@type\":\"ListItem\",\"position\":1,\"name\":\"Homepage\",\"item\":\"https:\/\/nsk.hr\/en\/\"},{\"@type\":\"ListItem\",\"position\":2,\"name\":\"News\",\"item\":\"https:\/\/nsk.hr\/en\/news\/\"},{\"@type\":\"ListItem\",\"position\":3,\"name\":\"National and University Library in Zagreb celebrates NSK Day 2024\"}]},{\"@type\":\"WebSite\",\"@id\":\"https:\/\/nsk.hr\/en\/#website\",\"url\":\"https:\/\/nsk.hr\/en\/\",\"name\":\"Nacionalna i sveu\u010dili\u0161na knji\u017enica u Zagrebu\",\"description\":\"\",\"potentialAction\":[{\"@type\":\"SearchAction\",\"target\":{\"@type\":\"EntryPoint\",\"urlTemplate\":\"https:\/\/nsk.hr\/en\/?s={search_term_string}\"},\"query-input\":{\"@type\":\"PropertyValueSpecification\",\"valueRequired\":true,\"valueName\":\"search_term_string\"}}],\"inLanguage\":\"en-US\"},{\"@type\":\"Person\",\"@id\":\"https:\/\/nsk.hr\/en\/#\/schema\/person\/ac622a1e175d155b5815b190a18ed8bd\",\"name\":\"dlasic\",\"url\":\"https:\/\/nsk.hr\/en\/author\/dlasic\/\"}]}<\/script>\n<!-- \/ Yoast SEO plugin. -->","yoast_head_json":{"title":"National and University Library in Zagreb celebrates NSK Day 2024 - Nacionalna i sveu\u010dili\u0161na knji\u017enica u Zagrebu","description":"On 22 February 2024, the National and University Library in Zagreb (NSK) organised and hosted a special programme marking the 2024 National and University Library in Zagreb Day and 417 years of NSK\u2019s history.","robots":{"index":"index","follow":"follow","max-snippet":"max-snippet:-1","max-image-preview":"max-image-preview:large","max-video-preview":"max-video-preview:-1"},"canonical":"https:\/\/nsk.hr\/en\/news\/national-and-university-library-in-zagreb-celebrates-nsk-day-2024\/","og_locale":"en_US","og_type":"article","og_title":"National and University Library in Zagreb celebrates NSK Day 2024 - Nacionalna i sveu\u010dili\u0161na knji\u017enica u Zagrebu","og_description":"On 22 February 2024, the National and University Library in Zagreb (NSK) organised and hosted a special programme marking the 2024 National and University Library in Zagreb Day and 417 years of NSK\u2019s history.","og_url":"https:\/\/nsk.hr\/en\/news\/national-and-university-library-in-zagreb-celebrates-nsk-day-2024\/","og_site_name":"Nacionalna i sveu\u010dili\u0161na knji\u017enica u Zagrebu","article_published_time":"2024-02-22T14:55:28+00:00","article_modified_time":"2025-09-18T10:33:27+00:00","og_image":[{"width":1620,"height":1080,"url":"https:\/\/nsk.hr\/wp-content\/uploads\/2024\/02\/NSK-Day-2024_featured-1.jpg","type":"image\/jpeg"}],"author":"dlasic","twitter_card":"summary_large_image","twitter_misc":{"Written by":"dlasic","Est. reading time":"8 minutes"},"schema":{"@context":"https:\/\/schema.org","@graph":[{"@type":"WebPage","@id":"https:\/\/nsk.hr\/en\/news\/national-and-university-library-in-zagreb-celebrates-nsk-day-2024\/","url":"https:\/\/nsk.hr\/en\/news\/national-and-university-library-in-zagreb-celebrates-nsk-day-2024\/","name":"National and University Library in Zagreb celebrates NSK Day 2024 - Nacionalna i sveu\u010dili\u0161na knji\u017enica u Zagrebu","isPartOf":{"@id":"https:\/\/nsk.hr\/en\/#website"},"primaryImageOfPage":{"@id":"https:\/\/nsk.hr\/en\/news\/national-and-university-library-in-zagreb-celebrates-nsk-day-2024\/#primaryimage"},"image":{"@id":"https:\/\/nsk.hr\/en\/news\/national-and-university-library-in-zagreb-celebrates-nsk-day-2024\/#primaryimage"},"thumbnailUrl":"https:\/\/nsk.hr\/wp-content\/uploads\/2024\/02\/NSK-Day-2024_featured-1.jpg","datePublished":"2024-02-22T14:55:28+00:00","dateModified":"2025-09-18T10:33:27+00:00","author":{"@id":"https:\/\/nsk.hr\/en\/#\/schema\/person\/ac622a1e175d155b5815b190a18ed8bd"},"description":"On 22 February 2024, the National and University Library in Zagreb (NSK) organised and hosted a special programme marking the 2024 National and University Library in Zagreb Day and 417 years of NSK\u2019s history.","breadcrumb":{"@id":"https:\/\/nsk.hr\/en\/news\/national-and-university-library-in-zagreb-celebrates-nsk-day-2024\/#breadcrumb"},"inLanguage":"en-US","potentialAction":[{"@type":"ReadAction","target":["https:\/\/nsk.hr\/en\/news\/national-and-university-library-in-zagreb-celebrates-nsk-day-2024\/"]}]},{"@type":"ImageObject","inLanguage":"en-US","@id":"https:\/\/nsk.hr\/en\/news\/national-and-university-library-in-zagreb-celebrates-nsk-day-2024\/#primaryimage","url":"https:\/\/nsk.hr\/wp-content\/uploads\/2024\/02\/NSK-Day-2024_featured-1.jpg","contentUrl":"https:\/\/nsk.hr\/wp-content\/uploads\/2024\/02\/NSK-Day-2024_featured-1.jpg","width":1620,"height":1080,"caption":"Celebration of 2024 National and University Library in Zagreb Day."},{"@type":"BreadcrumbList","@id":"https:\/\/nsk.hr\/en\/news\/national-and-university-library-in-zagreb-celebrates-nsk-day-2024\/#breadcrumb","itemListElement":[{"@type":"ListItem","position":1,"name":"Homepage","item":"https:\/\/nsk.hr\/en\/"},{"@type":"ListItem","position":2,"name":"News","item":"https:\/\/nsk.hr\/en\/news\/"},{"@type":"ListItem","position":3,"name":"National and University Library in Zagreb celebrates NSK Day 2024"}]},{"@type":"WebSite","@id":"https:\/\/nsk.hr\/en\/#website","url":"https:\/\/nsk.hr\/en\/","name":"Nacionalna i sveu\u010dili\u0161na knji\u017enica u Zagrebu","description":"","potentialAction":[{"@type":"SearchAction","target":{"@type":"EntryPoint","urlTemplate":"https:\/\/nsk.hr\/en\/?s={search_term_string}"},"query-input":{"@type":"PropertyValueSpecification","valueRequired":true,"valueName":"search_term_string"}}],"inLanguage":"en-US"},{"@type":"Person","@id":"https:\/\/nsk.hr\/en\/#\/schema\/person\/ac622a1e175d155b5815b190a18ed8bd","name":"dlasic","url":"https:\/\/nsk.hr\/en\/author\/dlasic\/"}]}},"_links":{"self":[{"href":"https:\/\/nsk.hr\/en\/wp-json\/wp\/v2\/posts\/88816","targetHints":{"allow":["GET"]}}],"collection":[{"href":"https:\/\/nsk.hr\/en\/wp-json\/wp\/v2\/posts"}],"about":[{"href":"https:\/\/nsk.hr\/en\/wp-json\/wp\/v2\/types\/post"}],"author":[{"embeddable":true,"href":"https:\/\/nsk.hr\/en\/wp-json\/wp\/v2\/users\/11"}],"replies":[{"embeddable":true,"href":"https:\/\/nsk.hr\/en\/wp-json\/wp\/v2\/comments?post=88816"}],"version-history":[{"count":41,"href":"https:\/\/nsk.hr\/en\/wp-json\/wp\/v2\/posts\/88816\/revisions"}],"predecessor-version":[{"id":97235,"href":"https:\/\/nsk.hr\/en\/wp-json\/wp\/v2\/posts\/88816\/revisions\/97235"}],"wp:featuredmedia":[{"embeddable":true,"href":"https:\/\/nsk.hr\/en\/wp-json\/wp\/v2\/media\/88910"}],"wp:attachment":[{"href":"https:\/\/nsk.hr\/en\/wp-json\/wp\/v2\/media?parent=88816"}],"wp:term":[{"taxonomy":"category","embeddable":true,"href":"https:\/\/nsk.hr\/en\/wp-json\/wp\/v2\/categories?post=88816"},{"taxonomy":"post_tag","embeddable":true,"href":"https:\/\/nsk.hr\/en\/wp-json\/wp\/v2\/tags?post=88816"}],"curies":[{"name":"wp","href":"https:\/\/api.w.org\/{rel}","templated":true}]}}