{"id":102404,"date":"2026-09-02T14:20:20","date_gmt":"2026-09-02T12:20:20","guid":{"rendered":"https:\/\/nsk.hr\/?p=102404"},"modified":"2026-09-02T14:37:50","modified_gmt":"2026-09-02T12:37:50","slug":"nsk-hosting-liber-winter-event-2026","status":"publish","type":"post","link":"https:\/\/nsk.hr\/en\/events\/nsk-hosting-liber-winter-event-2026\/","title":{"rendered":"NSK hosting LIBER Winter Event 2026"},"content":{"rendered":"\n<p class=\"is-style-lead wp-block-paragraph\">On 26 and 27 November 2026, the National and University Library in Zagreb (NSK) will host an annual event of <a href=\"https:\/\/libereurope.eu\/\">LIBER, the Association of European Research Libraries (Ligue des Biblioth\u00e8ques Europ\u00e9ennes de Recherche)<\/a>, along with an introductory pre-event, scheduled for 25 November.<\/p>\n\n\n\n<p class=\"wp-block-paragraph\">Bringing together more than <a href=\"https:\/\/libereurope.eu\/user-list\/\">400 research libraries from 40 European countries<\/a>, LIBER organises the event every year as a platform for the representatives of LIBER members to analyse, evaluate and discuss their libraries\u2019 and the Association\u2019s work.<\/p>\n\n\n\n<h2 class=\"wp-block-heading\"><strong><em>LIBER in Action: Connecting and Advocating for Research Libraries<\/em><\/strong><\/h2>\n\n\n\n<p class=\"wp-block-paragraph\">Providing opportunities for a dynamic exchange of professional insights, the event, whose theme is <em>LIBER in Action: Connecting and Advocating for Research Libraries<\/em>, will spotlight <a href=\"https:\/\/libereurope.eu\/strategy\/\">LIBER\u2019s 2023-2027 Strategy<\/a>, in relation to issues central to the national, university, research and special libraries making part of LIBER.<\/p>\n\n\n\n<p class=\"wp-block-paragraph\">The event participants will present the latest initiatives within the LIBER network, be able to receive useful feedback, seek advice on projects and find inspiration for their activities in the future. The event\u2019s workshops and engaging interactive sessions will enable them to address issues that they find vital and see as priorities and open debates on topics key to their field of work.<\/p>\n\n\n\n<h2 class=\"wp-block-heading\"><strong>Registration open by 1 November 2026<\/strong><\/h2>\n\n\n\n<p class=\"wp-block-paragraph\"><a>Apart from the members of LIBER\u2019s working groups and taskforces, <\/a><a href=\"https:\/\/liberquarterly.eu\/\"><em>LIBER Quarterly<\/em><\/a>\u2019s editorial board and staff of LIBER member libraries, also invited to register for the event by 1 November 2026 are LIBER\u2019s partners in various projects and collaboration initiatives as well as everyone interested in connecting with LIBER or simply joining the event\u2019s programme.<\/p>\n\n\n\n<p class=\"wp-block-paragraph\"><strong>Also, owing to NSK being the host of this year\u2019s event, the staff of all Croatian libraries \u2013 regardless of their being LIBER members or not \u2013 are welcome to register.<\/strong><\/p>\n\n\n\n<p class=\"wp-block-paragraph\"><a href=\"https:\/\/libereurope.eu\/eventscalendar\/liber-winter-event-2026-in-zagreb\">Learn more about the 2026 LIBER Winter Event.<\/a><\/p>\n","protected":false},"excerpt":{"rendered":"<p>On 26 and 27 November 2026, the National and University Library in Zagreb (NSK) will host an annual event of LIBER, the Association of&#8230;<\/p>\n","protected":false},"author":11,"featured_media":102411,"comment_status":"closed","ping_status":"open","sticky":false,"template":"","format":"standard","meta":{"_acf_changed":false,"ngg_post_thumbnail":0,"footnotes":"","_members_access_role":[],"_members_access_error":""},"categories":[158],"tags":[668,1179],"class_list":["post-102404","post","type-post","status-publish","format-standard","has-post-thumbnail","hentry","category-events","tag-international-cooperation","tag-liber"],"acf":[],"yoast_head":"<!-- This site is optimized with the Yoast SEO plugin v28.2 - https:\/\/yoast.com\/product\/yoast-seo-wordpress\/ -->\n<title>NSK hosting LIBER Winter Event 2026 - Nacionalna i sveu\u010dili\u0161na knji\u017enica u Zagrebu<\/title>\n<meta name=\"description\" content=\"On 26 and 27 November 2026, NSK will host an annual event of LIBER, the Association of European Research Libraries.\" \/>\n<meta name=\"robots\" content=\"index, follow, max-snippet:-1, max-image-preview:large, max-video-preview:-1\" \/>\n<link rel=\"canonical\" href=\"https:\/\/nsk.hr\/en\/events\/nsk-hosting-liber-winter-event-2026\/\" \/>\n<meta property=\"og:locale\" content=\"en_US\" \/>\n<meta property=\"og:type\" content=\"article\" \/>\n<meta property=\"og:title\" content=\"NSK hosting LIBER Winter Event 2026 - Nacionalna i sveu\u010dili\u0161na knji\u017enica u Zagrebu\" \/>\n<meta property=\"og:description\" content=\"On 26 and 27 November 2026, NSK will host an annual event of LIBER, the Association of European Research Libraries.\" \/>\n<meta property=\"og:url\" content=\"https:\/\/nsk.hr\/en\/events\/nsk-hosting-liber-winter-event-2026\/\" \/>\n<meta property=\"og:site_name\" content=\"Nacionalna i sveu\u010dili\u0161na knji\u017enica u Zagrebu\" \/>\n<meta property=\"article:published_time\" content=\"2026-09-02T12:20:20+00:00\" \/>\n<meta property=\"article:modified_time\" content=\"2026-09-02T12:37:50+00:00\" \/>\n<meta property=\"og:image\" content=\"https:\/\/nsk.hr\/wp-content\/uploads\/2026\/09\/NSK-host-to-LIBER-Winter-Event-2026.jpg\" \/>\n\t<meta property=\"og:image:width\" content=\"800\" \/>\n\t<meta property=\"og:image:height\" content=\"544\" \/>\n\t<meta property=\"og:image:type\" content=\"image\/jpeg\" \/>\n<meta name=\"author\" content=\"dlasic\" \/>\n<meta name=\"twitter:card\" content=\"summary_large_image\" \/>\n<meta name=\"twitter:label1\" content=\"Written by\" \/>\n\t<meta name=\"twitter:data1\" content=\"dlasic\" \/>\n\t<meta name=\"twitter:label2\" content=\"Est. reading time\" \/>\n\t<meta name=\"twitter:data2\" content=\"2 minutes\" \/>\n<script type=\"application\/ld+json\" class=\"yoast-schema-graph\">{\"@context\":\"https:\\\/\\\/schema.org\",\"@graph\":[{\"@type\":\"Article\",\"@id\":\"https:\\\/\\\/nsk.hr\\\/en\\\/events\\\/nsk-hosting-liber-winter-event-2026\\\/#article\",\"isPartOf\":{\"@id\":\"https:\\\/\\\/nsk.hr\\\/en\\\/events\\\/nsk-hosting-liber-winter-event-2026\\\/\"},\"author\":{\"name\":\"dlasic\",\"@id\":\"https:\\\/\\\/nsk.hr\\\/en\\\/#\\\/schema\\\/person\\\/98ccf5c756a6b258828538bb5338defa\"},\"headline\":\"NSK hosting LIBER Winter Event 2026\",\"datePublished\":\"2026-09-02T12:20:20+00:00\",\"dateModified\":\"2026-09-02T12:37:50+00:00\",\"mainEntityOfPage\":{\"@id\":\"https:\\\/\\\/nsk.hr\\\/en\\\/events\\\/nsk-hosting-liber-winter-event-2026\\\/\"},\"wordCount\":298,\"image\":{\"@id\":\"https:\\\/\\\/nsk.hr\\\/en\\\/events\\\/nsk-hosting-liber-winter-event-2026\\\/#primaryimage\"},\"thumbnailUrl\":\"https:\\\/\\\/nsk.hr\\\/wp-content\\\/uploads\\\/2026\\\/09\\\/NSK-host-to-LIBER-Winter-Event-2026.jpg\",\"keywords\":[\"international cooperation\",\"LIBER\"],\"articleSection\":[\"Events\"],\"inLanguage\":\"en-US\"},{\"@type\":\"WebPage\",\"@id\":\"https:\\\/\\\/nsk.hr\\\/en\\\/events\\\/nsk-hosting-liber-winter-event-2026\\\/\",\"url\":\"https:\\\/\\\/nsk.hr\\\/en\\\/events\\\/nsk-hosting-liber-winter-event-2026\\\/\",\"name\":\"NSK hosting LIBER Winter Event 2026 - Nacionalna i sveu\u010dili\u0161na knji\u017enica u Zagrebu\",\"isPartOf\":{\"@id\":\"https:\\\/\\\/nsk.hr\\\/en\\\/#website\"},\"primaryImageOfPage\":{\"@id\":\"https:\\\/\\\/nsk.hr\\\/en\\\/events\\\/nsk-hosting-liber-winter-event-2026\\\/#primaryimage\"},\"image\":{\"@id\":\"https:\\\/\\\/nsk.hr\\\/en\\\/events\\\/nsk-hosting-liber-winter-event-2026\\\/#primaryimage\"},\"thumbnailUrl\":\"https:\\\/\\\/nsk.hr\\\/wp-content\\\/uploads\\\/2026\\\/09\\\/NSK-host-to-LIBER-Winter-Event-2026.jpg\",\"datePublished\":\"2026-09-02T12:20:20+00:00\",\"dateModified\":\"2026-09-02T12:37:50+00:00\",\"author\":{\"@id\":\"https:\\\/\\\/nsk.hr\\\/en\\\/#\\\/schema\\\/person\\\/98ccf5c756a6b258828538bb5338defa\"},\"description\":\"On 26 and 27 November 2026, NSK will host an annual event of LIBER, the Association of European Research Libraries.\",\"breadcrumb\":{\"@id\":\"https:\\\/\\\/nsk.hr\\\/en\\\/events\\\/nsk-hosting-liber-winter-event-2026\\\/#breadcrumb\"},\"inLanguage\":\"en-US\",\"potentialAction\":[{\"@type\":\"ReadAction\",\"target\":[\"https:\\\/\\\/nsk.hr\\\/en\\\/events\\\/nsk-hosting-liber-winter-event-2026\\\/\"]}]},{\"@type\":\"ImageObject\",\"inLanguage\":\"en-US\",\"@id\":\"https:\\\/\\\/nsk.hr\\\/en\\\/events\\\/nsk-hosting-liber-winter-event-2026\\\/#primaryimage\",\"url\":\"https:\\\/\\\/nsk.hr\\\/wp-content\\\/uploads\\\/2026\\\/09\\\/NSK-host-to-LIBER-Winter-Event-2026.jpg\",\"contentUrl\":\"https:\\\/\\\/nsk.hr\\\/wp-content\\\/uploads\\\/2026\\\/09\\\/NSK-host-to-LIBER-Winter-Event-2026.jpg\",\"width\":800,\"height\":544,\"caption\":\"Visual identity of LIBER Winter Event 2026.\"},{\"@type\":\"BreadcrumbList\",\"@id\":\"https:\\\/\\\/nsk.hr\\\/en\\\/events\\\/nsk-hosting-liber-winter-event-2026\\\/#breadcrumb\",\"itemListElement\":[{\"@type\":\"ListItem\",\"position\":1,\"name\":\"Homepage\",\"item\":\"https:\\\/\\\/nsk.hr\\\/en\\\/\"},{\"@type\":\"ListItem\",\"position\":2,\"name\":\"Events\",\"item\":\"https:\\\/\\\/nsk.hr\\\/en\\\/events\\\/\"},{\"@type\":\"ListItem\",\"position\":3,\"name\":\"NSK hosting LIBER Winter Event 2026\"}]},{\"@type\":\"WebSite\",\"@id\":\"https:\\\/\\\/nsk.hr\\\/en\\\/#website\",\"url\":\"https:\\\/\\\/nsk.hr\\\/en\\\/\",\"name\":\"Nacionalna i sveu\u010dili\u0161na knji\u017enica u Zagrebu\",\"description\":\"\",\"potentialAction\":[{\"@type\":\"SearchAction\",\"target\":{\"@type\":\"EntryPoint\",\"urlTemplate\":\"https:\\\/\\\/nsk.hr\\\/en\\\/?s={search_term_string}\"},\"query-input\":{\"@type\":\"PropertyValueSpecification\",\"valueRequired\":true,\"valueName\":\"search_term_string\"}}],\"inLanguage\":\"en-US\"},{\"@type\":\"Person\",\"@id\":\"https:\\\/\\\/nsk.hr\\\/en\\\/#\\\/schema\\\/person\\\/98ccf5c756a6b258828538bb5338defa\",\"name\":\"dlasic\",\"url\":\"https:\\\/\\\/nsk.hr\\\/en\\\/author\\\/dlasic\\\/\"}]}<\/script>\n<!-- \/ Yoast SEO plugin. -->","yoast_head_json":{"title":"NSK hosting LIBER Winter Event 2026 - Nacionalna i sveu\u010dili\u0161na knji\u017enica u Zagrebu","description":"On 26 and 27 November 2026, NSK will host an annual event of LIBER, the Association of European Research Libraries.","robots":{"index":"index","follow":"follow","max-snippet":"max-snippet:-1","max-image-preview":"max-image-preview:large","max-video-preview":"max-video-preview:-1"},"canonical":"https:\/\/nsk.hr\/en\/events\/nsk-hosting-liber-winter-event-2026\/","og_locale":"en_US","og_type":"article","og_title":"NSK hosting LIBER Winter Event 2026 - Nacionalna i sveu\u010dili\u0161na knji\u017enica u Zagrebu","og_description":"On 26 and 27 November 2026, NSK will host an annual event of LIBER, the Association of European Research Libraries.","og_url":"https:\/\/nsk.hr\/en\/events\/nsk-hosting-liber-winter-event-2026\/","og_site_name":"Nacionalna i sveu\u010dili\u0161na knji\u017enica u Zagrebu","article_published_time":"2026-09-02T12:20:20+00:00","article_modified_time":"2026-09-02T12:37:50+00:00","og_image":[{"width":800,"height":544,"url":"https:\/\/nsk.hr\/wp-content\/uploads\/2026\/09\/NSK-host-to-LIBER-Winter-Event-2026.jpg","type":"image\/jpeg"}],"author":"dlasic","twitter_card":"summary_large_image","twitter_misc":{"Written by":"dlasic","Est. reading time":"2 minutes"},"schema":{"@context":"https:\/\/schema.org","@graph":[{"@type":"Article","@id":"https:\/\/nsk.hr\/en\/events\/nsk-hosting-liber-winter-event-2026\/#article","isPartOf":{"@id":"https:\/\/nsk.hr\/en\/events\/nsk-hosting-liber-winter-event-2026\/"},"author":{"name":"dlasic","@id":"https:\/\/nsk.hr\/en\/#\/schema\/person\/98ccf5c756a6b258828538bb5338defa"},"headline":"NSK hosting LIBER Winter Event 2026","datePublished":"2026-09-02T12:20:20+00:00","dateModified":"2026-09-02T12:37:50+00:00","mainEntityOfPage":{"@id":"https:\/\/nsk.hr\/en\/events\/nsk-hosting-liber-winter-event-2026\/"},"wordCount":298,"image":{"@id":"https:\/\/nsk.hr\/en\/events\/nsk-hosting-liber-winter-event-2026\/#primaryimage"},"thumbnailUrl":"https:\/\/nsk.hr\/wp-content\/uploads\/2026\/09\/NSK-host-to-LIBER-Winter-Event-2026.jpg","keywords":["international cooperation","LIBER"],"articleSection":["Events"],"inLanguage":"en-US"},{"@type":"WebPage","@id":"https:\/\/nsk.hr\/en\/events\/nsk-hosting-liber-winter-event-2026\/","url":"https:\/\/nsk.hr\/en\/events\/nsk-hosting-liber-winter-event-2026\/","name":"NSK hosting LIBER Winter Event 2026 - Nacionalna i sveu\u010dili\u0161na knji\u017enica u Zagrebu","isPartOf":{"@id":"https:\/\/nsk.hr\/en\/#website"},"primaryImageOfPage":{"@id":"https:\/\/nsk.hr\/en\/events\/nsk-hosting-liber-winter-event-2026\/#primaryimage"},"image":{"@id":"https:\/\/nsk.hr\/en\/events\/nsk-hosting-liber-winter-event-2026\/#primaryimage"},"thumbnailUrl":"https:\/\/nsk.hr\/wp-content\/uploads\/2026\/09\/NSK-host-to-LIBER-Winter-Event-2026.jpg","datePublished":"2026-09-02T12:20:20+00:00","dateModified":"2026-09-02T12:37:50+00:00","author":{"@id":"https:\/\/nsk.hr\/en\/#\/schema\/person\/98ccf5c756a6b258828538bb5338defa"},"description":"On 26 and 27 November 2026, NSK will host an annual event of LIBER, the Association of European Research Libraries.","breadcrumb":{"@id":"https:\/\/nsk.hr\/en\/events\/nsk-hosting-liber-winter-event-2026\/#breadcrumb"},"inLanguage":"en-US","potentialAction":[{"@type":"ReadAction","target":["https:\/\/nsk.hr\/en\/events\/nsk-hosting-liber-winter-event-2026\/"]}]},{"@type":"ImageObject","inLanguage":"en-US","@id":"https:\/\/nsk.hr\/en\/events\/nsk-hosting-liber-winter-event-2026\/#primaryimage","url":"https:\/\/nsk.hr\/wp-content\/uploads\/2026\/09\/NSK-host-to-LIBER-Winter-Event-2026.jpg","contentUrl":"https:\/\/nsk.hr\/wp-content\/uploads\/2026\/09\/NSK-host-to-LIBER-Winter-Event-2026.jpg","width":800,"height":544,"caption":"Visual identity of LIBER Winter Event 2026."},{"@type":"BreadcrumbList","@id":"https:\/\/nsk.hr\/en\/events\/nsk-hosting-liber-winter-event-2026\/#breadcrumb","itemListElement":[{"@type":"ListItem","position":1,"name":"Homepage","item":"https:\/\/nsk.hr\/en\/"},{"@type":"ListItem","position":2,"name":"Events","item":"https:\/\/nsk.hr\/en\/events\/"},{"@type":"ListItem","position":3,"name":"NSK hosting LIBER Winter Event 2026"}]},{"@type":"WebSite","@id":"https:\/\/nsk.hr\/en\/#website","url":"https:\/\/nsk.hr\/en\/","name":"Nacionalna i sveu\u010dili\u0161na knji\u017enica u Zagrebu","description":"","potentialAction":[{"@type":"SearchAction","target":{"@type":"EntryPoint","urlTemplate":"https:\/\/nsk.hr\/en\/?s={search_term_string}"},"query-input":{"@type":"PropertyValueSpecification","valueRequired":true,"valueName":"search_term_string"}}],"inLanguage":"en-US"},{"@type":"Person","@id":"https:\/\/nsk.hr\/en\/#\/schema\/person\/98ccf5c756a6b258828538bb5338defa","name":"dlasic","url":"https:\/\/nsk.hr\/en\/author\/dlasic\/"}]}},"_links":{"self":[{"href":"https:\/\/nsk.hr\/en\/wp-json\/wp\/v2\/posts\/102404","targetHints":{"allow":["GET"]}}],"collection":[{"href":"https:\/\/nsk.hr\/en\/wp-json\/wp\/v2\/posts"}],"about":[{"href":"https:\/\/nsk.hr\/en\/wp-json\/wp\/v2\/types\/post"}],"author":[{"embeddable":true,"href":"https:\/\/nsk.hr\/en\/wp-json\/wp\/v2\/users\/11"}],"replies":[{"embeddable":true,"href":"https:\/\/nsk.hr\/en\/wp-json\/wp\/v2\/comments?post=102404"}],"version-history":[{"count":5,"href":"https:\/\/nsk.hr\/en\/wp-json\/wp\/v2\/posts\/102404\/revisions"}],"predecessor-version":[{"id":102421,"href":"https:\/\/nsk.hr\/en\/wp-json\/wp\/v2\/posts\/102404\/revisions\/102421"}],"wp:featuredmedia":[{"embeddable":true,"href":"https:\/\/nsk.hr\/en\/wp-json\/wp\/v2\/media\/102411"}],"wp:attachment":[{"href":"https:\/\/nsk.hr\/en\/wp-json\/wp\/v2\/media?parent=102404"}],"wp:term":[{"taxonomy":"category","embeddable":true,"href":"https:\/\/nsk.hr\/en\/wp-json\/wp\/v2\/categories?post=102404"},{"taxonomy":"post_tag","embeddable":true,"href":"https:\/\/nsk.hr\/en\/wp-json\/wp\/v2\/tags?post=102404"}],"curies":[{"name":"wp","href":"https:\/\/api.w.org\/{rel}","templated":true}]}}