{"id":100931,"date":"2026-04-20T13:17:50","date_gmt":"2026-04-20T11:17:50","guid":{"rendered":"https:\/\/nsk.hr\/?p=100931"},"modified":"2026-04-23T09:50:30","modified_gmt":"2026-04-23T07:50:30","slug":"croatian-book-night-2026-to-kick-off-at-nsk-on-23-april","status":"publish","type":"post","link":"https:\/\/nsk.hr\/en\/events\/croatian-book-night-2026-to-kick-off-at-nsk-on-23-april\/","title":{"rendered":"Croatian Book Night 2026 to kick off at NSK on 23 April"},"content":{"rendered":"\n<p class=\"is-style-lead\">The celebratory, <a href=\"https:\/\/nocknjige.hr\/index.php\">15<sup>th<\/sup> edition of the Croatian Book Night<\/a>, marking <a href=\"https:\/\/www.unesco.org\/en\/days\/world-book-and-copyright\">World Book and Copyright Day<\/a>\u00a0together with\u00a0<a href=\"https:\/\/nsk.hr\/en\/blog-en\/croatian-book-day\/\">Croatian Book Day<\/a>\u00a0and spotlighting the importance of books and reading with regard to major social issues, will traditionally kick off at the National and University Library in Zagreb (NSK).<\/p>\n\n\n\n<p>Opening in the Library\u2019s grand lobby at 12.00, this year\u2019s Night will offer a buoyant alternative to threats posed by the recent growth in armed conflicts and issue an urgent appeal for peace, understanding, tolerance and dialogue.<\/p>\n\n\n\n<h2 class=\"wp-block-heading\"><strong>United in bookhood and determined to read the world to peace<\/strong><\/h2>\n\n\n\n<p>The Night\u2019s <a href=\"https:\/\/nocknjige.hr\/programi.php\">over 1,000 upcoming events on 266 locations all across Croatia<\/a> will include everything from quizzes and other types of games and competitions, visual art, writing, music and other creative workshops and reading events to get-togethers with authors, plays, open forums, performances, musical shows and other programmes.<\/p>\n\n\n\n<h2 class=\"wp-block-heading\"><\/h2>\n\n\n\n<figure class=\"wp-block-gallery has-nested-images columns-default is-cropped wp-block-gallery-2 is-layout-flex wp-block-gallery-is-layout-flex\">\n<figure class=\"wp-block-image size-large\"><img decoding=\"async\" width=\"1024\" height=\"768\" data-id=\"100936\" data-src=\"https:\/\/nsk.hr\/wp-content\/uploads\/2026\/04\/Croatian-Book-Night-2026_final-announcement-4-1024x768.jpg\" alt=\"Piles of the 2026 Croatian Book Night bookmarks.\" class=\"wp-image-100936 lazyload\" data-srcset=\"https:\/\/nsk.hr\/wp-content\/uploads\/2026\/04\/Croatian-Book-Night-2026_final-announcement-4-1024x768.jpg 1024w, https:\/\/nsk.hr\/wp-content\/uploads\/2026\/04\/Croatian-Book-Night-2026_final-announcement-4-300x225.jpg 300w, https:\/\/nsk.hr\/wp-content\/uploads\/2026\/04\/Croatian-Book-Night-2026_final-announcement-4-768x576.jpg 768w, https:\/\/nsk.hr\/wp-content\/uploads\/2026\/04\/Croatian-Book-Night-2026_final-announcement-4-1536x1152.jpg 1536w, https:\/\/nsk.hr\/wp-content\/uploads\/2026\/04\/Croatian-Book-Night-2026_final-announcement-4-1440x1080.jpg 1440w, https:\/\/nsk.hr\/wp-content\/uploads\/2026\/04\/Croatian-Book-Night-2026_final-announcement-4-scaled.jpg 1920w\" data-sizes=\"(max-width: 1024px) 100vw, 1024px\" src=\"data:image\/svg+xml;base64,PHN2ZyB3aWR0aD0iMSIgaGVpZ2h0PSIxIiB4bWxucz0iaHR0cDovL3d3dy53My5vcmcvMjAwMC9zdmciPjwvc3ZnPg==\" style=\"--smush-placeholder-width: 1024px; --smush-placeholder-aspect-ratio: 1024\/768;\" \/><\/figure>\n<\/figure>\n\n\n\n<p>Apart from libraries, more than 600 participating institutions will include schools, universities, art galleries, museums, correctional institutions, care homes, sports associations, even a planetarium and a brewery. Also, with programmes that will be taking place on means of public transport and in the open \u2013 in parks, squares, by the sea \u2013 the Night will take its message of peace as far and to as diverse audience as possible.<\/p>\n\n\n\n<h2 class=\"wp-block-heading\"><strong>NSK, the Night\u2019s good old launch site<\/strong><\/h2>\n\n\n\n<p>Traditionally the site of the Night\u2019s opening, NSK will again host its kick-off. Starting on 23 April at 12.00 in the Library\u2019s grand lobby, the opening programme will include addresses by the NSK Director General Dr Ivanka Stri\u010devi\u0107, Director of the Zagreb City Libraries Dr Sun\u010dica Ostoi\u0107, President of the Publishers and Booksellers Association of the Croatian Chamber of Economy Slavko Kozina, the representative of the <a href=\"https:\/\/mzom.gov.hr\/en\">Croatian Ministry of Science, Education and Youth<\/a> and of the <a href=\"https:\/\/min-kulture.gov.hr\/en\">Croatian Ministry of Culture and Media<\/a>, with whose support the Night has been organised since its inception.<\/p>\n\n\n\n<p>The programme will also include a performance by Croatian interdisciplinary artists <a href=\"https:\/\/sararenar.com\/bio\">Sara Renar<\/a> and Goran Matovi\u0107 drawing on the verses of a great Croatian poet <a href=\"https:\/\/www.britannica.com\/art\/Croatian-literature\">Tin Ujevi\u0107<\/a> (<em><a href=\"https:\/\/www.youtube.com\/watch?v=zciSE60KiiQ\">San i ludilo<\/a><\/em>; <em>Dreams and madness<\/em>), the presentation of the results of the&nbsp;latest survey into Croatian citizens\u2019 reading and book-related habits and attitudes as well as the announcement of the winners of this year\u2019s Night\u2019s competition which the&nbsp;<a href=\"http:\/\/www.husk.hr\/\">Croatian Association of School Librarians<\/a>&nbsp;organised for primary and secondary-school pupils.<\/p>\n\n\n\n<p>In addition, the visitors at the opening will be able to see an exhibition of Croatian Book Night-themed cartoons by Stipe Kalaj\u017ei\u0107 starring <strong>Peacebert Bookowski<\/strong>, another Night\u2019s mascot authored by graphic designer Boris Kuk.<\/p>\n\n\n\n<h2 class=\"wp-block-heading\"><\/h2>\n\n\n\n<figure class=\"wp-block-gallery has-nested-images columns-default is-cropped wp-block-gallery-3 is-layout-flex wp-block-gallery-is-layout-flex\">\n<figure class=\"wp-block-image size-full\"><img decoding=\"async\" width=\"1600\" height=\"1277\" data-id=\"100934\" data-src=\"https:\/\/nsk.hr\/wp-content\/uploads\/2026\/04\/Croatian-Book-Night-2026_final-announcement-1.jpg\" alt=\"A 2026 Croatian Book Night-themed cartoon by Stipe Kalaj\u017ei\u0107.\" class=\"wp-image-100934 lazyload\" data-srcset=\"https:\/\/nsk.hr\/wp-content\/uploads\/2026\/04\/Croatian-Book-Night-2026_final-announcement-1.jpg 1600w, https:\/\/nsk.hr\/wp-content\/uploads\/2026\/04\/Croatian-Book-Night-2026_final-announcement-1-300x239.jpg 300w, https:\/\/nsk.hr\/wp-content\/uploads\/2026\/04\/Croatian-Book-Night-2026_final-announcement-1-1024x817.jpg 1024w, https:\/\/nsk.hr\/wp-content\/uploads\/2026\/04\/Croatian-Book-Night-2026_final-announcement-1-768x613.jpg 768w, https:\/\/nsk.hr\/wp-content\/uploads\/2026\/04\/Croatian-Book-Night-2026_final-announcement-1-1536x1226.jpg 1536w, https:\/\/nsk.hr\/wp-content\/uploads\/2026\/04\/Croatian-Book-Night-2026_final-announcement-1-1353x1080.jpg 1353w\" data-sizes=\"(max-width: 1600px) 100vw, 1600px\" src=\"data:image\/svg+xml;base64,PHN2ZyB3aWR0aD0iMSIgaGVpZ2h0PSIxIiB4bWxucz0iaHR0cDovL3d3dy53My5vcmcvMjAwMC9zdmciPjwvc3ZnPg==\" style=\"--smush-placeholder-width: 1600px; --smush-placeholder-aspect-ratio: 1600\/1277;\" \/><\/figure>\n<figcaption class=\"blocks-gallery-caption wp-element-caption\"><em>When your babe is the peace dove<\/em>, a 2026 Croatian Book Night-themed cartoon by Stipe Kalaj\u017ei\u0107.<\/figcaption><\/figure>\n\n\n\n<h2 class=\"wp-block-heading\"><strong>Revisiting the great peace advocates of Croatian and world culture<\/strong><\/h2>\n\n\n\n<p>Evoking universal peace symbolism, Peacebert is a winged, homing pigeon version of <a href=\"https:\/\/nsk.hr\/en\/tag\/miroslav-krleza-2\/\">Miroslav Krle\u017ea<\/a>, a canonical 20<sup>th<\/sup>-century Croatian writer and one of the most prominent anti-war voices of Croatian literature, the 45<sup>th<\/sup> anniversary of whose death is marked in 2026. <\/p>\n\n\n\n<h2 class=\"wp-block-heading\"><\/h2>\n\n\n\n<figure class=\"wp-block-gallery has-nested-images columns-default is-cropped wp-block-gallery-4 is-layout-flex wp-block-gallery-is-layout-flex\">\n<figure class=\"wp-block-image size-full\"><img decoding=\"async\" width=\"1000\" height=\"1000\" data-id=\"100932\" data-src=\"https:\/\/nsk.hr\/wp-content\/uploads\/2026\/04\/Croatian-Book-Night-2026_final-announcement-2.jpg\" alt=\"Peacebert Bookowski and his mighty book blaster.\" class=\"wp-image-100932 lazyload\" data-srcset=\"https:\/\/nsk.hr\/wp-content\/uploads\/2026\/04\/Croatian-Book-Night-2026_final-announcement-2.jpg 1000w, https:\/\/nsk.hr\/wp-content\/uploads\/2026\/04\/Croatian-Book-Night-2026_final-announcement-2-300x300.jpg 300w, https:\/\/nsk.hr\/wp-content\/uploads\/2026\/04\/Croatian-Book-Night-2026_final-announcement-2-150x150.jpg 150w, https:\/\/nsk.hr\/wp-content\/uploads\/2026\/04\/Croatian-Book-Night-2026_final-announcement-2-768x768.jpg 768w\" data-sizes=\"(max-width: 1000px) 100vw, 1000px\" src=\"data:image\/svg+xml;base64,PHN2ZyB3aWR0aD0iMSIgaGVpZ2h0PSIxIiB4bWxucz0iaHR0cDovL3d3dy53My5vcmcvMjAwMC9zdmciPjwvc3ZnPg==\" style=\"--smush-placeholder-width: 1000px; --smush-placeholder-aspect-ratio: 1000\/1000;\" \/><\/figure>\n<figcaption class=\"blocks-gallery-caption wp-element-caption\">Peacebert Bookowski and his mighty book blaster.<\/figcaption><\/figure>\n\n\n\n<p>As as fictional as inspiring an ambassador of this year\u2019s edition of <a href=\"https:\/\/nsk.hr\/en\/tag\/croatian-book-night\/\">Croatia\u2019s greatest national celebration of books and reading<\/a>, Peacebert is at the forefront of a wide variety of <a href=\"https:\/\/nocknjige.hr\/programi.php\">the Night\u2019s programmes<\/a> bringing to the attention of the public the peace-focused legacy of other central figures of Croatian and world literature the anniversaries of whose births and deaths we are also commemorating this year, such as Nikola Tesla (quite probably the world\u2019s most famous pigeon lover), Federico Garcia Lorca and Jorge Luis Borges. &nbsp;<\/p>\n\n\n\n<p>The Night will provide a platform for contemporary messages of peace as well, from today\u2019s famous Croatian writers such as Slavenka Drakuli\u0107, <a href=\"facebook.com\/reel\/1129650125164025\/?s=fb_shorts_profile&amp;stack_idx=0\">Julijana Adamovi\u0107<\/a>, Damir Karaka\u0161, Bruno \u0160imle\u0161a, Snje\u017eana Babi\u0107 Vi\u0161nji\u0107, Edo Popovi\u0107, Boris Peri\u0107, Martina Divi\u0107, <a href=\"https:\/\/www.facebook.com\/reel\/515049820941846\">Nada Mihaljevi\u0107<\/a>, <a href=\"https:\/\/digitalna.nsk.hr\/?pr=v.m&amp;id=687313\">Nives Maduni\u0107 Bari\u0161i\u0107<\/a>, Maja \u0160imle\u0161a, etc. In addition, other artists and creatives, such as painters, actors and musicians, including philosophers, mental health experts and various Croatian public figures ranging from Tisja Kljakovi\u0107 Brai\u0107, through Nade\u017eda \u010ca\u010dinovi\u010d, to Jadranka Kosor and many others will likewise be part of the Night\u2019s programme.<\/p>\n\n\n\n<h2 class=\"wp-block-heading\"><strong>The Croatian Book Night\u2019s tradition of humanitarian initiatives continues<\/strong><\/h2>\n\n\n\n<p>The Night\u2019s each edition includes efforts to make the world a better place through books and reading. This year it focuses on a book donation campaign for the inmates of the correctional facilities in Vara\u017edin and Po\u017eega and providing reading material to make their time with their children when they come to visit them a positive and uplifting experience.<\/p>\n\n\n\n<p>For the fourth year in a row, the Night and the Croatian Ministry of Culture and Media jointly continue to support both the Ukrainian refugees in Croatia and Ukrainian publishers by making available their titles in Croatian public libraries.<\/p>\n\n\n\n<p>Finally, all profit from the sale of the&nbsp;<a href=\"https:\/\/lumer-shop.eu\/?s=no%C4%87+knjige&amp;post_type=product\">Night\u2019s promotional T-shirts, bags and other merchandise<\/a>&nbsp;will be donated to a Split-based <a href=\"https:\/\/www.udrugaautizam365.hr\/\">Udruga Autizam 365<\/a> association, which provides support to persons with autism and their families or caretakers through educational and inclusion-focused programmes and counselling.<\/p>\n\n\n\n<figure class=\"wp-block-gallery has-nested-images columns-default is-cropped wp-block-gallery-5 is-layout-flex wp-block-gallery-is-layout-flex\">\n<figure class=\"wp-block-image size-large\"><img decoding=\"async\" width=\"1024\" height=\"1024\" data-id=\"100938\" data-src=\"https:\/\/nsk.hr\/wp-content\/uploads\/2026\/04\/Croatian-Book-Night-2026_final-announcement-3-1024x1024.jpg\" alt=\"The 2026 Croatian Book Night merchandise.\" class=\"wp-image-100938 lazyload\" data-srcset=\"https:\/\/nsk.hr\/wp-content\/uploads\/2026\/04\/Croatian-Book-Night-2026_final-announcement-3-1024x1024.jpg 1024w, https:\/\/nsk.hr\/wp-content\/uploads\/2026\/04\/Croatian-Book-Night-2026_final-announcement-3-300x300.jpg 300w, https:\/\/nsk.hr\/wp-content\/uploads\/2026\/04\/Croatian-Book-Night-2026_final-announcement-3-150x150.jpg 150w, https:\/\/nsk.hr\/wp-content\/uploads\/2026\/04\/Croatian-Book-Night-2026_final-announcement-3-768x768.jpg 768w, https:\/\/nsk.hr\/wp-content\/uploads\/2026\/04\/Croatian-Book-Night-2026_final-announcement-3-1536x1536.jpg 1536w, https:\/\/nsk.hr\/wp-content\/uploads\/2026\/04\/Croatian-Book-Night-2026_final-announcement-3-1080x1080.jpg 1080w, https:\/\/nsk.hr\/wp-content\/uploads\/2026\/04\/Croatian-Book-Night-2026_final-announcement-3-scaled.jpg 1920w\" data-sizes=\"(max-width: 1024px) 100vw, 1024px\" src=\"data:image\/svg+xml;base64,PHN2ZyB3aWR0aD0iMSIgaGVpZ2h0PSIxIiB4bWxucz0iaHR0cDovL3d3dy53My5vcmcvMjAwMC9zdmciPjwvc3ZnPg==\" style=\"--smush-placeholder-width: 1024px; --smush-placeholder-aspect-ratio: 1024\/1024;\" \/><\/figure>\n<\/figure>\n\n\n\n<p>Organised by the&nbsp;<a href=\"https:\/\/znk.hr\/home\/\">Publishers and Booksellers Association of the Croatian Chamber of Economy<\/a>,&nbsp;<a href=\"https:\/\/nsk.hr\/en\/\">National and University Library in Zagreb<\/a>,&nbsp;<a href=\"http:\/\/www.kgz.hr\/en\/about-us\/zagreb-city-libraries-today\/523\">Zagreb City Libraries<\/a>,&nbsp;books-and-literature-oriented e-zine and web portal&nbsp;<a href=\"https:\/\/www.mvinfo.hr\/\">Moderna vremena<\/a>,&nbsp;<a href=\"https:\/\/udrugazana.hr\/\">Croatian Publishers Licensing Society (ZANA)<\/a>&nbsp;and the&nbsp;<a href=\"http:\/\/www.husk.hr\/\">Croatian Association of School Librarians<\/a>, the Croatian Book Night is supported by the Croatian Ministry of Culture and Media, ZANA, the Croatian Chamber of Economy and <a href=\"https:\/\/www.zagreb.hr\/en\">City of Zagreb<\/a>, with the <a href=\"https:\/\/www.hrt.hr\/\" target=\"_blank\" rel=\"noreferrer noopener\">Croatian Radio Television<\/a>, <em><u><a href=\"https:\/\/www.24sata.hr\/\">24 sata<\/a><\/u><\/em> media company and <a href=\"https:\/\/www.youtube.com\/@VIDA_TV\">VidaTV<\/a> television production company acting as media sponsors.<\/p>\n","protected":false},"excerpt":{"rendered":"<p>The celebratory, 15th edition of the Croatian Book Night, marking World Book and Copyright Day\u00a0together with\u00a0Croatian Book Day\u00a0and spotlighting the importance of books and&#8230;<\/p>\n","protected":false},"author":11,"featured_media":100429,"comment_status":"closed","ping_status":"open","sticky":false,"template":"","format":"standard","meta":{"_acf_changed":false,"ngg_post_thumbnail":0,"footnotes":""},"categories":[158],"tags":[535,502,980,855],"class_list":["post-100931","post","type-post","status-publish","format-standard","has-post-thumbnail","hentry","category-events","tag-croatian-book-day","tag-croatian-book-night","tag-nsk-events","tag-world-book-and-copyright-day"],"acf":[],"yoast_head":"<!-- This site is optimized with the Yoast SEO plugin v25.4 - https:\/\/yoast.com\/wordpress\/plugins\/seo\/ -->\n<title>Croatian Book Night 2026 to kick off at NSK on 23 April - Nacionalna i sveu\u010dili\u0161na knji\u017enica u Zagrebu<\/title>\n<meta name=\"description\" content=\"On 23 April 2026, the National and University Library in Zagreb (NSK) will host the opening of the 15th edition of the Croatian Book Night.\" \/>\n<meta name=\"robots\" content=\"index, follow, max-snippet:-1, max-image-preview:large, max-video-preview:-1\" \/>\n<link rel=\"canonical\" href=\"https:\/\/nsk.hr\/en\/events\/croatian-book-night-2026-to-kick-off-at-nsk-on-23-april\/\" \/>\n<meta property=\"og:locale\" content=\"en_US\" \/>\n<meta property=\"og:type\" content=\"article\" \/>\n<meta property=\"og:title\" content=\"Croatian Book Night 2026 to kick off at NSK on 23 April - Nacionalna i sveu\u010dili\u0161na knji\u017enica u Zagrebu\" \/>\n<meta property=\"og:description\" content=\"On 23 April 2026, the National and University Library in Zagreb (NSK) will host the opening of the 15th edition of the Croatian Book Night.\" \/>\n<meta property=\"og:url\" content=\"https:\/\/nsk.hr\/en\/events\/croatian-book-night-2026-to-kick-off-at-nsk-on-23-april\/\" \/>\n<meta property=\"og:site_name\" content=\"Nacionalna i sveu\u010dili\u0161na knji\u017enica u Zagrebu\" \/>\n<meta property=\"article:published_time\" content=\"2026-04-20T11:17:50+00:00\" \/>\n<meta property=\"article:modified_time\" content=\"2026-04-23T07:50:30+00:00\" \/>\n<meta property=\"og:image\" content=\"https:\/\/nsk.hr\/wp-content\/uploads\/2026\/03\/Croatian-Book-Night-2026_featured-1.jpg\" \/>\n\t<meta property=\"og:image:width\" content=\"876\" \/>\n\t<meta property=\"og:image:height\" content=\"558\" \/>\n\t<meta property=\"og:image:type\" content=\"image\/jpeg\" \/>\n<meta name=\"author\" content=\"dlasic\" \/>\n<meta name=\"twitter:card\" content=\"summary_large_image\" \/>\n<meta name=\"twitter:label1\" content=\"Written by\" \/>\n\t<meta name=\"twitter:data1\" content=\"dlasic\" \/>\n\t<meta name=\"twitter:label2\" content=\"Est. reading time\" \/>\n\t<meta name=\"twitter:data2\" content=\"5 minutes\" \/>\n<script type=\"application\/ld+json\" class=\"yoast-schema-graph\">{\"@context\":\"https:\/\/schema.org\",\"@graph\":[{\"@type\":\"WebPage\",\"@id\":\"https:\/\/nsk.hr\/en\/events\/croatian-book-night-2026-to-kick-off-at-nsk-on-23-april\/\",\"url\":\"https:\/\/nsk.hr\/en\/events\/croatian-book-night-2026-to-kick-off-at-nsk-on-23-april\/\",\"name\":\"Croatian Book Night 2026 to kick off at NSK on 23 April - Nacionalna i sveu\u010dili\u0161na knji\u017enica u Zagrebu\",\"isPartOf\":{\"@id\":\"https:\/\/nsk.hr\/en\/#website\"},\"primaryImageOfPage\":{\"@id\":\"https:\/\/nsk.hr\/en\/events\/croatian-book-night-2026-to-kick-off-at-nsk-on-23-april\/#primaryimage\"},\"image\":{\"@id\":\"https:\/\/nsk.hr\/en\/events\/croatian-book-night-2026-to-kick-off-at-nsk-on-23-april\/#primaryimage\"},\"thumbnailUrl\":\"https:\/\/nsk.hr\/wp-content\/uploads\/2026\/03\/Croatian-Book-Night-2026_featured-1.jpg\",\"datePublished\":\"2026-04-20T11:17:50+00:00\",\"dateModified\":\"2026-04-23T07:50:30+00:00\",\"author\":{\"@id\":\"https:\/\/nsk.hr\/en\/#\/schema\/person\/ac622a1e175d155b5815b190a18ed8bd\"},\"description\":\"On 23 April 2026, the National and University Library in Zagreb (NSK) will host the opening of the 15th edition of the Croatian Book Night.\",\"breadcrumb\":{\"@id\":\"https:\/\/nsk.hr\/en\/events\/croatian-book-night-2026-to-kick-off-at-nsk-on-23-april\/#breadcrumb\"},\"inLanguage\":\"en-US\",\"potentialAction\":[{\"@type\":\"ReadAction\",\"target\":[\"https:\/\/nsk.hr\/en\/events\/croatian-book-night-2026-to-kick-off-at-nsk-on-23-april\/\"]}]},{\"@type\":\"ImageObject\",\"inLanguage\":\"en-US\",\"@id\":\"https:\/\/nsk.hr\/en\/events\/croatian-book-night-2026-to-kick-off-at-nsk-on-23-april\/#primaryimage\",\"url\":\"https:\/\/nsk.hr\/wp-content\/uploads\/2026\/03\/Croatian-Book-Night-2026_featured-1.jpg\",\"contentUrl\":\"https:\/\/nsk.hr\/wp-content\/uploads\/2026\/03\/Croatian-Book-Night-2026_featured-1.jpg\",\"width\":876,\"height\":558,\"caption\":\"Peacebert Bookowski, the mascot of the 2026 Croatian Book Night, authored by graphic designer Boris Kuk.\"},{\"@type\":\"BreadcrumbList\",\"@id\":\"https:\/\/nsk.hr\/en\/events\/croatian-book-night-2026-to-kick-off-at-nsk-on-23-april\/#breadcrumb\",\"itemListElement\":[{\"@type\":\"ListItem\",\"position\":1,\"name\":\"Homepage\",\"item\":\"https:\/\/nsk.hr\/en\/\"},{\"@type\":\"ListItem\",\"position\":2,\"name\":\"Events\",\"item\":\"https:\/\/nsk.hr\/en\/events\/\"},{\"@type\":\"ListItem\",\"position\":3,\"name\":\"Croatian Book Night 2026 to kick off at NSK on 23 April\"}]},{\"@type\":\"WebSite\",\"@id\":\"https:\/\/nsk.hr\/en\/#website\",\"url\":\"https:\/\/nsk.hr\/en\/\",\"name\":\"Nacionalna i sveu\u010dili\u0161na knji\u017enica u Zagrebu\",\"description\":\"\",\"potentialAction\":[{\"@type\":\"SearchAction\",\"target\":{\"@type\":\"EntryPoint\",\"urlTemplate\":\"https:\/\/nsk.hr\/en\/?s={search_term_string}\"},\"query-input\":{\"@type\":\"PropertyValueSpecification\",\"valueRequired\":true,\"valueName\":\"search_term_string\"}}],\"inLanguage\":\"en-US\"},{\"@type\":\"Person\",\"@id\":\"https:\/\/nsk.hr\/en\/#\/schema\/person\/ac622a1e175d155b5815b190a18ed8bd\",\"name\":\"dlasic\",\"url\":\"https:\/\/nsk.hr\/en\/author\/dlasic\/\"}]}<\/script>\n<!-- \/ Yoast SEO plugin. -->","yoast_head_json":{"title":"Croatian Book Night 2026 to kick off at NSK on 23 April - Nacionalna i sveu\u010dili\u0161na knji\u017enica u Zagrebu","description":"On 23 April 2026, the National and University Library in Zagreb (NSK) will host the opening of the 15th edition of the Croatian Book Night.","robots":{"index":"index","follow":"follow","max-snippet":"max-snippet:-1","max-image-preview":"max-image-preview:large","max-video-preview":"max-video-preview:-1"},"canonical":"https:\/\/nsk.hr\/en\/events\/croatian-book-night-2026-to-kick-off-at-nsk-on-23-april\/","og_locale":"en_US","og_type":"article","og_title":"Croatian Book Night 2026 to kick off at NSK on 23 April - Nacionalna i sveu\u010dili\u0161na knji\u017enica u Zagrebu","og_description":"On 23 April 2026, the National and University Library in Zagreb (NSK) will host the opening of the 15th edition of the Croatian Book Night.","og_url":"https:\/\/nsk.hr\/en\/events\/croatian-book-night-2026-to-kick-off-at-nsk-on-23-april\/","og_site_name":"Nacionalna i sveu\u010dili\u0161na knji\u017enica u Zagrebu","article_published_time":"2026-04-20T11:17:50+00:00","article_modified_time":"2026-04-23T07:50:30+00:00","og_image":[{"width":876,"height":558,"url":"https:\/\/nsk.hr\/wp-content\/uploads\/2026\/03\/Croatian-Book-Night-2026_featured-1.jpg","type":"image\/jpeg"}],"author":"dlasic","twitter_card":"summary_large_image","twitter_misc":{"Written by":"dlasic","Est. reading time":"5 minutes"},"schema":{"@context":"https:\/\/schema.org","@graph":[{"@type":"WebPage","@id":"https:\/\/nsk.hr\/en\/events\/croatian-book-night-2026-to-kick-off-at-nsk-on-23-april\/","url":"https:\/\/nsk.hr\/en\/events\/croatian-book-night-2026-to-kick-off-at-nsk-on-23-april\/","name":"Croatian Book Night 2026 to kick off at NSK on 23 April - Nacionalna i sveu\u010dili\u0161na knji\u017enica u Zagrebu","isPartOf":{"@id":"https:\/\/nsk.hr\/en\/#website"},"primaryImageOfPage":{"@id":"https:\/\/nsk.hr\/en\/events\/croatian-book-night-2026-to-kick-off-at-nsk-on-23-april\/#primaryimage"},"image":{"@id":"https:\/\/nsk.hr\/en\/events\/croatian-book-night-2026-to-kick-off-at-nsk-on-23-april\/#primaryimage"},"thumbnailUrl":"https:\/\/nsk.hr\/wp-content\/uploads\/2026\/03\/Croatian-Book-Night-2026_featured-1.jpg","datePublished":"2026-04-20T11:17:50+00:00","dateModified":"2026-04-23T07:50:30+00:00","author":{"@id":"https:\/\/nsk.hr\/en\/#\/schema\/person\/ac622a1e175d155b5815b190a18ed8bd"},"description":"On 23 April 2026, the National and University Library in Zagreb (NSK) will host the opening of the 15th edition of the Croatian Book Night.","breadcrumb":{"@id":"https:\/\/nsk.hr\/en\/events\/croatian-book-night-2026-to-kick-off-at-nsk-on-23-april\/#breadcrumb"},"inLanguage":"en-US","potentialAction":[{"@type":"ReadAction","target":["https:\/\/nsk.hr\/en\/events\/croatian-book-night-2026-to-kick-off-at-nsk-on-23-april\/"]}]},{"@type":"ImageObject","inLanguage":"en-US","@id":"https:\/\/nsk.hr\/en\/events\/croatian-book-night-2026-to-kick-off-at-nsk-on-23-april\/#primaryimage","url":"https:\/\/nsk.hr\/wp-content\/uploads\/2026\/03\/Croatian-Book-Night-2026_featured-1.jpg","contentUrl":"https:\/\/nsk.hr\/wp-content\/uploads\/2026\/03\/Croatian-Book-Night-2026_featured-1.jpg","width":876,"height":558,"caption":"Peacebert Bookowski, the mascot of the 2026 Croatian Book Night, authored by graphic designer Boris Kuk."},{"@type":"BreadcrumbList","@id":"https:\/\/nsk.hr\/en\/events\/croatian-book-night-2026-to-kick-off-at-nsk-on-23-april\/#breadcrumb","itemListElement":[{"@type":"ListItem","position":1,"name":"Homepage","item":"https:\/\/nsk.hr\/en\/"},{"@type":"ListItem","position":2,"name":"Events","item":"https:\/\/nsk.hr\/en\/events\/"},{"@type":"ListItem","position":3,"name":"Croatian Book Night 2026 to kick off at NSK on 23 April"}]},{"@type":"WebSite","@id":"https:\/\/nsk.hr\/en\/#website","url":"https:\/\/nsk.hr\/en\/","name":"Nacionalna i sveu\u010dili\u0161na knji\u017enica u Zagrebu","description":"","potentialAction":[{"@type":"SearchAction","target":{"@type":"EntryPoint","urlTemplate":"https:\/\/nsk.hr\/en\/?s={search_term_string}"},"query-input":{"@type":"PropertyValueSpecification","valueRequired":true,"valueName":"search_term_string"}}],"inLanguage":"en-US"},{"@type":"Person","@id":"https:\/\/nsk.hr\/en\/#\/schema\/person\/ac622a1e175d155b5815b190a18ed8bd","name":"dlasic","url":"https:\/\/nsk.hr\/en\/author\/dlasic\/"}]}},"_links":{"self":[{"href":"https:\/\/nsk.hr\/en\/wp-json\/wp\/v2\/posts\/100931","targetHints":{"allow":["GET"]}}],"collection":[{"href":"https:\/\/nsk.hr\/en\/wp-json\/wp\/v2\/posts"}],"about":[{"href":"https:\/\/nsk.hr\/en\/wp-json\/wp\/v2\/types\/post"}],"author":[{"embeddable":true,"href":"https:\/\/nsk.hr\/en\/wp-json\/wp\/v2\/users\/11"}],"replies":[{"embeddable":true,"href":"https:\/\/nsk.hr\/en\/wp-json\/wp\/v2\/comments?post=100931"}],"version-history":[{"count":5,"href":"https:\/\/nsk.hr\/en\/wp-json\/wp\/v2\/posts\/100931\/revisions"}],"predecessor-version":[{"id":100985,"href":"https:\/\/nsk.hr\/en\/wp-json\/wp\/v2\/posts\/100931\/revisions\/100985"}],"wp:featuredmedia":[{"embeddable":true,"href":"https:\/\/nsk.hr\/en\/wp-json\/wp\/v2\/media\/100429"}],"wp:attachment":[{"href":"https:\/\/nsk.hr\/en\/wp-json\/wp\/v2\/media?parent=100931"}],"wp:term":[{"taxonomy":"category","embeddable":true,"href":"https:\/\/nsk.hr\/en\/wp-json\/wp\/v2\/categories?post=100931"},{"taxonomy":"post_tag","embeddable":true,"href":"https:\/\/nsk.hr\/en\/wp-json\/wp\/v2\/tags?post=100931"}],"curies":[{"name":"wp","href":"https:\/\/api.w.org\/{rel}","templated":true}]}}