{"id":100752,"date":"2026-04-08T08:41:15","date_gmt":"2026-04-08T06:41:15","guid":{"rendered":"https:\/\/nsk.hr\/?p=100752"},"modified":"2026-04-08T10:28:42","modified_gmt":"2026-04-08T08:28:42","slug":"registration-open-for-fifteenth-festival-of-croatian-digitisation-projects-by-8-may-2026","status":"publish","type":"post","link":"https:\/\/nsk.hr\/en\/news\/registration-open-for-fifteenth-festival-of-croatian-digitisation-projects-by-8-may-2026\/","title":{"rendered":"Registration open for Fifteenth Festival of Croatian Digitisation Projects by 8 May 2026"},"content":{"rendered":"\n<p class=\"is-style-lead\"><a href=\"https:\/\/dfest.nsk.hr\/registracija\/\">Register<\/a> by 8 May for <a href=\"https:\/\/dfest.nsk.hr\/\">D-fest 2026<\/a>, the Fifteenth Festival of Croatian Digitisation Projects, which the National and University Library in Zagreb (NSK) is hosting on 14 and 15 May 2026.<\/p>\n\n\n\n<p>Take part in the<a href=\"https:\/\/nsk.hr\/en\/events\/fifteenth-festival-of-croatian-digitisation-projects-call-for-papers-2\/\"> Fifteenth Festival of Croatian Digitisation Projects<\/a>, the 2026 edition of D-fest, the Library\u2019s annual conference focusing on issues surrounding the digitisation of heritage. Bringing together experts in heritage digitisation and digital collection management, the Festival will once again provide a valuable platform for sharing digitisation-focused insights and presenting the related local, national and international digitisation projects.<\/p>\n\n\n\n<h2 class=\"wp-block-heading\"><strong>D-fest 2026 \u2013 spotlighting digital sustainability and digital sovereignty \u00a0<\/strong><\/h2>\n\n\n\n<p>Keeping abreast of global developments, which make necessary extra efforts aimed at the protection of data and services, the programme of this year\u2019s D-fest spotlights digital sustainability and sovereignty.<\/p>\n\n\n\n<p>Implying the significance of securing a safe national infrastructure for storing cultural heritage and scientific data, these vital issues will be addressed through two invited talks.<\/p>\n\n\n\n<p>In addition to artificial intelligence as currently one of the most dominant topics in practically every area, the Festival\u2019s programme will also address issues related to methods and tools in digital humanities, in particular those used in researching the digital copies of old books.<\/p>\n\n\n\n<h2 class=\"wp-block-heading\">Register and discover what\u2019s new in <strong>heritage digitisation<\/strong><\/h2>\n\n\n\n<p>As always, the Festival\u2019s participants will hear presentations on the results of successful projects in the field of digitisation and digital heritage management. Also, they will have the opportunity to get acquainted with innovative approaches to heritage interpretation and promotion through online and virtual exhibitions and digital platforms. <\/p>\n\n\n\n<p><a href=\"https:\/\/dfest.nsk.hr\/registracija\/\">Register <\/a>by 8 May via the Festival\u2019s website, where you may also learn more about the <a href=\"https:\/\/dfest.nsk.hr\/program\/\">2026 D-fest programme<\/a>.<\/p>\n\n\n\n<h2 class=\"wp-block-heading\"><\/h2>\n\n\n\n<figure class=\"wp-block-gallery has-nested-images columns-default is-cropped wp-block-gallery-2 is-layout-flex wp-block-gallery-is-layout-flex\">\n<figure class=\"wp-block-image size-large\"><img decoding=\"async\" width=\"1024\" height=\"697\" data-id=\"100755\" data-src=\"https:\/\/nsk.hr\/wp-content\/uploads\/2026\/04\/D-fest-2025-3-1024x697.jpg\" alt=\"\" class=\"wp-image-100755 lazyload\" data-srcset=\"https:\/\/nsk.hr\/wp-content\/uploads\/2026\/04\/D-fest-2025-3-1024x697.jpg 1024w, https:\/\/nsk.hr\/wp-content\/uploads\/2026\/04\/D-fest-2025-3-300x204.jpg 300w, https:\/\/nsk.hr\/wp-content\/uploads\/2026\/04\/D-fest-2025-3-768x523.jpg 768w, https:\/\/nsk.hr\/wp-content\/uploads\/2026\/04\/D-fest-2025-3-1536x1045.jpg 1536w, https:\/\/nsk.hr\/wp-content\/uploads\/2026\/04\/D-fest-2025-3-2048x1394.jpg 2048w, https:\/\/nsk.hr\/wp-content\/uploads\/2026\/04\/D-fest-2025-3-1587x1080.jpg 1587w, https:\/\/nsk.hr\/wp-content\/uploads\/2026\/04\/D-fest-2025-3-scaled.jpg 1920w\" data-sizes=\"(max-width: 1024px) 100vw, 1024px\" src=\"data:image\/svg+xml;base64,PHN2ZyB3aWR0aD0iMSIgaGVpZ2h0PSIxIiB4bWxucz0iaHR0cDovL3d3dy53My5vcmcvMjAwMC9zdmciPjwvc3ZnPg==\" style=\"--smush-placeholder-width: 1024px; --smush-placeholder-aspect-ratio: 1024\/697;\" \/><\/figure>\n\n\n\n<figure class=\"wp-block-image size-large\"><img decoding=\"async\" width=\"1024\" height=\"809\" data-id=\"100759\" data-src=\"https:\/\/nsk.hr\/wp-content\/uploads\/2026\/04\/D-fest-2025-6-1024x809.jpg\" alt=\"\" class=\"wp-image-100759 lazyload\" data-srcset=\"https:\/\/nsk.hr\/wp-content\/uploads\/2026\/04\/D-fest-2025-6-1024x809.jpg 1024w, https:\/\/nsk.hr\/wp-content\/uploads\/2026\/04\/D-fest-2025-6-300x237.jpg 300w, https:\/\/nsk.hr\/wp-content\/uploads\/2026\/04\/D-fest-2025-6-768x607.jpg 768w, https:\/\/nsk.hr\/wp-content\/uploads\/2026\/04\/D-fest-2025-6-1536x1213.jpg 1536w, https:\/\/nsk.hr\/wp-content\/uploads\/2026\/04\/D-fest-2025-6-2048x1617.jpg 2048w, https:\/\/nsk.hr\/wp-content\/uploads\/2026\/04\/D-fest-2025-6-1368x1080.jpg 1368w, https:\/\/nsk.hr\/wp-content\/uploads\/2026\/04\/D-fest-2025-6-scaled.jpg 1920w\" data-sizes=\"(max-width: 1024px) 100vw, 1024px\" src=\"data:image\/svg+xml;base64,PHN2ZyB3aWR0aD0iMSIgaGVpZ2h0PSIxIiB4bWxucz0iaHR0cDovL3d3dy53My5vcmcvMjAwMC9zdmciPjwvc3ZnPg==\" style=\"--smush-placeholder-width: 1024px; --smush-placeholder-aspect-ratio: 1024\/809;\" \/><\/figure>\n\n\n\n<figure class=\"wp-block-image size-large\"><img decoding=\"async\" width=\"1024\" height=\"680\" data-id=\"100763\" data-src=\"https:\/\/nsk.hr\/wp-content\/uploads\/2026\/04\/D-fest-2025-8-1024x680.jpg\" alt=\"Participants in D-fest 2025.\" class=\"wp-image-100763 lazyload\" data-srcset=\"https:\/\/nsk.hr\/wp-content\/uploads\/2026\/04\/D-fest-2025-8-1024x680.jpg 1024w, https:\/\/nsk.hr\/wp-content\/uploads\/2026\/04\/D-fest-2025-8-300x199.jpg 300w, https:\/\/nsk.hr\/wp-content\/uploads\/2026\/04\/D-fest-2025-8-768x510.jpg 768w, https:\/\/nsk.hr\/wp-content\/uploads\/2026\/04\/D-fest-2025-8-1536x1020.jpg 1536w, https:\/\/nsk.hr\/wp-content\/uploads\/2026\/04\/D-fest-2025-8-2048x1360.jpg 2048w, https:\/\/nsk.hr\/wp-content\/uploads\/2026\/04\/D-fest-2025-8-1626x1080.jpg 1626w, https:\/\/nsk.hr\/wp-content\/uploads\/2026\/04\/D-fest-2025-8-scaled.jpg 1920w\" data-sizes=\"(max-width: 1024px) 100vw, 1024px\" src=\"data:image\/svg+xml;base64,PHN2ZyB3aWR0aD0iMSIgaGVpZ2h0PSIxIiB4bWxucz0iaHR0cDovL3d3dy53My5vcmcvMjAwMC9zdmciPjwvc3ZnPg==\" style=\"--smush-placeholder-width: 1024px; --smush-placeholder-aspect-ratio: 1024\/680;\" \/><\/figure>\n\n\n\n<figure class=\"wp-block-image size-large\"><img decoding=\"async\" width=\"1024\" height=\"485\" data-id=\"100761\" data-src=\"https:\/\/nsk.hr\/wp-content\/uploads\/2026\/04\/D-fest-2025-7-1024x485.jpg\" alt=\"\" class=\"wp-image-100761 lazyload\" data-srcset=\"https:\/\/nsk.hr\/wp-content\/uploads\/2026\/04\/D-fest-2025-7-1024x485.jpg 1024w, https:\/\/nsk.hr\/wp-content\/uploads\/2026\/04\/D-fest-2025-7-300x142.jpg 300w, https:\/\/nsk.hr\/wp-content\/uploads\/2026\/04\/D-fest-2025-7-768x364.jpg 768w, https:\/\/nsk.hr\/wp-content\/uploads\/2026\/04\/D-fest-2025-7-1536x728.jpg 1536w, https:\/\/nsk.hr\/wp-content\/uploads\/2026\/04\/D-fest-2025-7-2048x971.jpg 2048w, https:\/\/nsk.hr\/wp-content\/uploads\/2026\/04\/D-fest-2025-7-scaled.jpg 1920w\" data-sizes=\"(max-width: 1024px) 100vw, 1024px\" src=\"data:image\/svg+xml;base64,PHN2ZyB3aWR0aD0iMSIgaGVpZ2h0PSIxIiB4bWxucz0iaHR0cDovL3d3dy53My5vcmcvMjAwMC9zdmciPjwvc3ZnPg==\" style=\"--smush-placeholder-width: 1024px; --smush-placeholder-aspect-ratio: 1024\/485;\" \/><\/figure>\n\n\n\n<figure class=\"wp-block-image size-large\"><img decoding=\"async\" width=\"1024\" height=\"512\" data-id=\"100753\" data-src=\"https:\/\/nsk.hr\/wp-content\/uploads\/2026\/04\/D-fest-2025-1-1024x512.jpg\" alt=\"Participants in D-fest 2025.\" class=\"wp-image-100753 lazyload\" data-srcset=\"https:\/\/nsk.hr\/wp-content\/uploads\/2026\/04\/D-fest-2025-1-1024x512.jpg 1024w, https:\/\/nsk.hr\/wp-content\/uploads\/2026\/04\/D-fest-2025-1-300x150.jpg 300w, https:\/\/nsk.hr\/wp-content\/uploads\/2026\/04\/D-fest-2025-1-768x384.jpg 768w, https:\/\/nsk.hr\/wp-content\/uploads\/2026\/04\/D-fest-2025-1-1536x767.jpg 1536w, https:\/\/nsk.hr\/wp-content\/uploads\/2026\/04\/D-fest-2025-1-2048x1023.jpg 2048w, https:\/\/nsk.hr\/wp-content\/uploads\/2026\/04\/D-fest-2025-1-scaled.jpg 1920w\" data-sizes=\"(max-width: 1024px) 100vw, 1024px\" src=\"data:image\/svg+xml;base64,PHN2ZyB3aWR0aD0iMSIgaGVpZ2h0PSIxIiB4bWxucz0iaHR0cDovL3d3dy53My5vcmcvMjAwMC9zdmciPjwvc3ZnPg==\" style=\"--smush-placeholder-width: 1024px; --smush-placeholder-aspect-ratio: 1024\/512;\" \/><\/figure>\n<\/figure>\n","protected":false},"excerpt":{"rendered":"<p>Register by 8 May for D-fest 2026, the Fifteenth Festival of Croatian Digitisation Projects, which the National and University Library in Zagreb (NSK) is&#8230;<\/p>\n","protected":false},"author":11,"featured_media":99958,"comment_status":"closed","ping_status":"open","sticky":false,"template":"","format":"standard","meta":{"_acf_changed":false,"ngg_post_thumbnail":0,"footnotes":""},"categories":[166],"tags":[362,499,500,871],"class_list":["post-100752","post","type-post","status-publish","format-standard","has-post-thumbnail","hentry","category-news","tag-conference","tag-d-fest","tag-digitisation","tag-heritage"],"acf":[],"yoast_head":"<!-- This site is optimized with the Yoast SEO plugin v25.4 - https:\/\/yoast.com\/wordpress\/plugins\/seo\/ -->\n<title>Registration open for Fifteenth Festival of Croatian Digitisation Projects by 8 May 2026 - Nacionalna i sveu\u010dili\u0161na knji\u017enica u Zagrebu<\/title>\n<meta name=\"description\" content=\"Register by 8 May for the Fifteenth Festival of Croatian Digitisation Projects, which the National and University Library in Zagreb (NSK) is hosting on 14 and 15 May.\" \/>\n<meta name=\"robots\" content=\"index, follow, max-snippet:-1, max-image-preview:large, max-video-preview:-1\" \/>\n<link rel=\"canonical\" href=\"https:\/\/nsk.hr\/en\/news\/registration-open-for-fifteenth-festival-of-croatian-digitisation-projects-by-8-may-2026\/\" \/>\n<meta property=\"og:locale\" content=\"en_US\" \/>\n<meta property=\"og:type\" content=\"article\" \/>\n<meta property=\"og:title\" content=\"Registration open for Fifteenth Festival of Croatian Digitisation Projects by 8 May 2026 - Nacionalna i sveu\u010dili\u0161na knji\u017enica u Zagrebu\" \/>\n<meta property=\"og:description\" content=\"Register by 8 May for the Fifteenth Festival of Croatian Digitisation Projects, which the National and University Library in Zagreb (NSK) is hosting on 14 and 15 May.\" \/>\n<meta property=\"og:url\" content=\"https:\/\/nsk.hr\/en\/news\/registration-open-for-fifteenth-festival-of-croatian-digitisation-projects-by-8-may-2026\/\" \/>\n<meta property=\"og:site_name\" content=\"Nacionalna i sveu\u010dili\u0161na knji\u017enica u Zagrebu\" \/>\n<meta property=\"article:published_time\" content=\"2026-04-08T06:41:15+00:00\" \/>\n<meta property=\"article:modified_time\" content=\"2026-04-08T08:28:42+00:00\" \/>\n<meta property=\"og:image\" content=\"https:\/\/nsk.hr\/wp-content\/uploads\/2026\/02\/D-fest-2026_featured.png\" \/>\n\t<meta property=\"og:image:width\" content=\"876\" \/>\n\t<meta property=\"og:image:height\" content=\"558\" \/>\n\t<meta property=\"og:image:type\" content=\"image\/png\" \/>\n<meta name=\"author\" content=\"dlasic\" \/>\n<meta name=\"twitter:card\" content=\"summary_large_image\" \/>\n<meta name=\"twitter:label1\" content=\"Written by\" \/>\n\t<meta name=\"twitter:data1\" content=\"dlasic\" \/>\n\t<meta name=\"twitter:label2\" content=\"Est. reading time\" \/>\n\t<meta name=\"twitter:data2\" content=\"3 minutes\" \/>\n<script type=\"application\/ld+json\" class=\"yoast-schema-graph\">{\"@context\":\"https:\/\/schema.org\",\"@graph\":[{\"@type\":\"WebPage\",\"@id\":\"https:\/\/nsk.hr\/en\/news\/registration-open-for-fifteenth-festival-of-croatian-digitisation-projects-by-8-may-2026\/\",\"url\":\"https:\/\/nsk.hr\/en\/news\/registration-open-for-fifteenth-festival-of-croatian-digitisation-projects-by-8-may-2026\/\",\"name\":\"Registration open for Fifteenth Festival of Croatian Digitisation Projects by 8 May 2026 - Nacionalna i sveu\u010dili\u0161na knji\u017enica u Zagrebu\",\"isPartOf\":{\"@id\":\"https:\/\/nsk.hr\/en\/#website\"},\"primaryImageOfPage\":{\"@id\":\"https:\/\/nsk.hr\/en\/news\/registration-open-for-fifteenth-festival-of-croatian-digitisation-projects-by-8-may-2026\/#primaryimage\"},\"image\":{\"@id\":\"https:\/\/nsk.hr\/en\/news\/registration-open-for-fifteenth-festival-of-croatian-digitisation-projects-by-8-may-2026\/#primaryimage\"},\"thumbnailUrl\":\"https:\/\/nsk.hr\/wp-content\/uploads\/2026\/02\/D-fest-2026_featured.png\",\"datePublished\":\"2026-04-08T06:41:15+00:00\",\"dateModified\":\"2026-04-08T08:28:42+00:00\",\"author\":{\"@id\":\"https:\/\/nsk.hr\/en\/#\/schema\/person\/ac622a1e175d155b5815b190a18ed8bd\"},\"description\":\"Register by 8 May for the Fifteenth Festival of Croatian Digitisation Projects, which the National and University Library in Zagreb (NSK) is hosting on 14 and 15 May.\",\"breadcrumb\":{\"@id\":\"https:\/\/nsk.hr\/en\/news\/registration-open-for-fifteenth-festival-of-croatian-digitisation-projects-by-8-may-2026\/#breadcrumb\"},\"inLanguage\":\"en-US\",\"potentialAction\":[{\"@type\":\"ReadAction\",\"target\":[\"https:\/\/nsk.hr\/en\/news\/registration-open-for-fifteenth-festival-of-croatian-digitisation-projects-by-8-may-2026\/\"]}]},{\"@type\":\"ImageObject\",\"inLanguage\":\"en-US\",\"@id\":\"https:\/\/nsk.hr\/en\/news\/registration-open-for-fifteenth-festival-of-croatian-digitisation-projects-by-8-may-2026\/#primaryimage\",\"url\":\"https:\/\/nsk.hr\/wp-content\/uploads\/2026\/02\/D-fest-2026_featured.png\",\"contentUrl\":\"https:\/\/nsk.hr\/wp-content\/uploads\/2026\/02\/D-fest-2026_featured.png\",\"width\":876,\"height\":558,\"caption\":\"The visual identity of the 15th Festival of Croatian Digitisation Projects.\"},{\"@type\":\"BreadcrumbList\",\"@id\":\"https:\/\/nsk.hr\/en\/news\/registration-open-for-fifteenth-festival-of-croatian-digitisation-projects-by-8-may-2026\/#breadcrumb\",\"itemListElement\":[{\"@type\":\"ListItem\",\"position\":1,\"name\":\"Homepage\",\"item\":\"https:\/\/nsk.hr\/en\/\"},{\"@type\":\"ListItem\",\"position\":2,\"name\":\"News\",\"item\":\"https:\/\/nsk.hr\/en\/news\/\"},{\"@type\":\"ListItem\",\"position\":3,\"name\":\"Registration open for Fifteenth Festival of Croatian Digitisation Projects by 8 May 2026\"}]},{\"@type\":\"WebSite\",\"@id\":\"https:\/\/nsk.hr\/en\/#website\",\"url\":\"https:\/\/nsk.hr\/en\/\",\"name\":\"Nacionalna i sveu\u010dili\u0161na knji\u017enica u Zagrebu\",\"description\":\"\",\"potentialAction\":[{\"@type\":\"SearchAction\",\"target\":{\"@type\":\"EntryPoint\",\"urlTemplate\":\"https:\/\/nsk.hr\/en\/?s={search_term_string}\"},\"query-input\":{\"@type\":\"PropertyValueSpecification\",\"valueRequired\":true,\"valueName\":\"search_term_string\"}}],\"inLanguage\":\"en-US\"},{\"@type\":\"Person\",\"@id\":\"https:\/\/nsk.hr\/en\/#\/schema\/person\/ac622a1e175d155b5815b190a18ed8bd\",\"name\":\"dlasic\",\"url\":\"https:\/\/nsk.hr\/en\/author\/dlasic\/\"}]}<\/script>\n<!-- \/ Yoast SEO plugin. -->","yoast_head_json":{"title":"Registration open for Fifteenth Festival of Croatian Digitisation Projects by 8 May 2026 - Nacionalna i sveu\u010dili\u0161na knji\u017enica u Zagrebu","description":"Register by 8 May for the Fifteenth Festival of Croatian Digitisation Projects, which the National and University Library in Zagreb (NSK) is hosting on 14 and 15 May.","robots":{"index":"index","follow":"follow","max-snippet":"max-snippet:-1","max-image-preview":"max-image-preview:large","max-video-preview":"max-video-preview:-1"},"canonical":"https:\/\/nsk.hr\/en\/news\/registration-open-for-fifteenth-festival-of-croatian-digitisation-projects-by-8-may-2026\/","og_locale":"en_US","og_type":"article","og_title":"Registration open for Fifteenth Festival of Croatian Digitisation Projects by 8 May 2026 - Nacionalna i sveu\u010dili\u0161na knji\u017enica u Zagrebu","og_description":"Register by 8 May for the Fifteenth Festival of Croatian Digitisation Projects, which the National and University Library in Zagreb (NSK) is hosting on 14 and 15 May.","og_url":"https:\/\/nsk.hr\/en\/news\/registration-open-for-fifteenth-festival-of-croatian-digitisation-projects-by-8-may-2026\/","og_site_name":"Nacionalna i sveu\u010dili\u0161na knji\u017enica u Zagrebu","article_published_time":"2026-04-08T06:41:15+00:00","article_modified_time":"2026-04-08T08:28:42+00:00","og_image":[{"width":876,"height":558,"url":"https:\/\/nsk.hr\/wp-content\/uploads\/2026\/02\/D-fest-2026_featured.png","type":"image\/png"}],"author":"dlasic","twitter_card":"summary_large_image","twitter_misc":{"Written by":"dlasic","Est. reading time":"3 minutes"},"schema":{"@context":"https:\/\/schema.org","@graph":[{"@type":"WebPage","@id":"https:\/\/nsk.hr\/en\/news\/registration-open-for-fifteenth-festival-of-croatian-digitisation-projects-by-8-may-2026\/","url":"https:\/\/nsk.hr\/en\/news\/registration-open-for-fifteenth-festival-of-croatian-digitisation-projects-by-8-may-2026\/","name":"Registration open for Fifteenth Festival of Croatian Digitisation Projects by 8 May 2026 - Nacionalna i sveu\u010dili\u0161na knji\u017enica u Zagrebu","isPartOf":{"@id":"https:\/\/nsk.hr\/en\/#website"},"primaryImageOfPage":{"@id":"https:\/\/nsk.hr\/en\/news\/registration-open-for-fifteenth-festival-of-croatian-digitisation-projects-by-8-may-2026\/#primaryimage"},"image":{"@id":"https:\/\/nsk.hr\/en\/news\/registration-open-for-fifteenth-festival-of-croatian-digitisation-projects-by-8-may-2026\/#primaryimage"},"thumbnailUrl":"https:\/\/nsk.hr\/wp-content\/uploads\/2026\/02\/D-fest-2026_featured.png","datePublished":"2026-04-08T06:41:15+00:00","dateModified":"2026-04-08T08:28:42+00:00","author":{"@id":"https:\/\/nsk.hr\/en\/#\/schema\/person\/ac622a1e175d155b5815b190a18ed8bd"},"description":"Register by 8 May for the Fifteenth Festival of Croatian Digitisation Projects, which the National and University Library in Zagreb (NSK) is hosting on 14 and 15 May.","breadcrumb":{"@id":"https:\/\/nsk.hr\/en\/news\/registration-open-for-fifteenth-festival-of-croatian-digitisation-projects-by-8-may-2026\/#breadcrumb"},"inLanguage":"en-US","potentialAction":[{"@type":"ReadAction","target":["https:\/\/nsk.hr\/en\/news\/registration-open-for-fifteenth-festival-of-croatian-digitisation-projects-by-8-may-2026\/"]}]},{"@type":"ImageObject","inLanguage":"en-US","@id":"https:\/\/nsk.hr\/en\/news\/registration-open-for-fifteenth-festival-of-croatian-digitisation-projects-by-8-may-2026\/#primaryimage","url":"https:\/\/nsk.hr\/wp-content\/uploads\/2026\/02\/D-fest-2026_featured.png","contentUrl":"https:\/\/nsk.hr\/wp-content\/uploads\/2026\/02\/D-fest-2026_featured.png","width":876,"height":558,"caption":"The visual identity of the 15th Festival of Croatian Digitisation Projects."},{"@type":"BreadcrumbList","@id":"https:\/\/nsk.hr\/en\/news\/registration-open-for-fifteenth-festival-of-croatian-digitisation-projects-by-8-may-2026\/#breadcrumb","itemListElement":[{"@type":"ListItem","position":1,"name":"Homepage","item":"https:\/\/nsk.hr\/en\/"},{"@type":"ListItem","position":2,"name":"News","item":"https:\/\/nsk.hr\/en\/news\/"},{"@type":"ListItem","position":3,"name":"Registration open for Fifteenth Festival of Croatian Digitisation Projects by 8 May 2026"}]},{"@type":"WebSite","@id":"https:\/\/nsk.hr\/en\/#website","url":"https:\/\/nsk.hr\/en\/","name":"Nacionalna i sveu\u010dili\u0161na knji\u017enica u Zagrebu","description":"","potentialAction":[{"@type":"SearchAction","target":{"@type":"EntryPoint","urlTemplate":"https:\/\/nsk.hr\/en\/?s={search_term_string}"},"query-input":{"@type":"PropertyValueSpecification","valueRequired":true,"valueName":"search_term_string"}}],"inLanguage":"en-US"},{"@type":"Person","@id":"https:\/\/nsk.hr\/en\/#\/schema\/person\/ac622a1e175d155b5815b190a18ed8bd","name":"dlasic","url":"https:\/\/nsk.hr\/en\/author\/dlasic\/"}]}},"_links":{"self":[{"href":"https:\/\/nsk.hr\/en\/wp-json\/wp\/v2\/posts\/100752","targetHints":{"allow":["GET"]}}],"collection":[{"href":"https:\/\/nsk.hr\/en\/wp-json\/wp\/v2\/posts"}],"about":[{"href":"https:\/\/nsk.hr\/en\/wp-json\/wp\/v2\/types\/post"}],"author":[{"embeddable":true,"href":"https:\/\/nsk.hr\/en\/wp-json\/wp\/v2\/users\/11"}],"replies":[{"embeddable":true,"href":"https:\/\/nsk.hr\/en\/wp-json\/wp\/v2\/comments?post=100752"}],"version-history":[{"count":10,"href":"https:\/\/nsk.hr\/en\/wp-json\/wp\/v2\/posts\/100752\/revisions"}],"predecessor-version":[{"id":100781,"href":"https:\/\/nsk.hr\/en\/wp-json\/wp\/v2\/posts\/100752\/revisions\/100781"}],"wp:featuredmedia":[{"embeddable":true,"href":"https:\/\/nsk.hr\/en\/wp-json\/wp\/v2\/media\/99958"}],"wp:attachment":[{"href":"https:\/\/nsk.hr\/en\/wp-json\/wp\/v2\/media?parent=100752"}],"wp:term":[{"taxonomy":"category","embeddable":true,"href":"https:\/\/nsk.hr\/en\/wp-json\/wp\/v2\/categories?post=100752"},{"taxonomy":"post_tag","embeddable":true,"href":"https:\/\/nsk.hr\/en\/wp-json\/wp\/v2\/tags?post=100752"}],"curies":[{"name":"wp","href":"https:\/\/api.w.org\/{rel}","templated":true}]}}