{"id":100519,"date":"2026-03-26T10:59:58","date_gmt":"2026-03-26T09:59:58","guid":{"rendered":"https:\/\/nsk.hr\/?p=100519"},"modified":"2026-03-26T11:48:29","modified_gmt":"2026-03-26T10:48:29","slug":"north-macedonias-national-librarys-delegation-visits-nsk","status":"publish","type":"post","link":"https:\/\/nsk.hr\/en\/news\/north-macedonias-national-librarys-delegation-visits-nsk\/","title":{"rendered":"North Macedonia\u2019s national library\u2019s delegation visits NSK"},"content":{"rendered":"\n<p class=\"is-style-lead\">The delegation from <a href=\"https:\/\/www.cenl.org\/library\/national-and-university-library-st-kliment-ohridski\/\">North Macedonia\u2019s National and University Library \u201cSt Clement of Ohrid\u201d<\/a> visited the National and University Library in Zagreb (NSK), opening opportunities for fostering friendship between the two national libraries and for strengthening their cooperation.<\/p>\n\n\n\n<p>The North Macedonia\u2019s national library\u2019s Director Jovica Nik\u010devski, accompanied by the library\u2019s officials Jovica Tasevski, Zorica Jakovleska Spirovska and Magdica \u0160ambevska made a guided tour of NSK, after which they met with the NSK Director General Dr Ivanka Stri\u010devi\u0107. Present at the meeting were also the NSK Library Adviser for International Cooperation Jagoda Ille and NSK Senior Public Relations Adviser Ivana Miro\u0161evi\u0107.<\/p>\n\n\n\n<h2 class=\"wp-block-heading\"><strong>Taking successful cooperation further<\/strong><\/h2>\n\n\n\n<p>The meeting participants discussed the existing Macedonian-Croatian cultural ties and cooperation between the two national libraries so far.<\/p>\n\n\n\n<p>Also, NSK Director General Dr Stri\u010devi\u0107 presented NSK\u2019s <a href=\"https:\/\/nsk.hr\/en\/nsk-mission-and-vision\/\">mission<\/a> and its <a href=\"https:\/\/nsk.hr\/en\/what-we-do\/\">work<\/a>, particularly pointing out NSK\u2019s multiple roles and the related challenges it faces. She emphasised its latest major undertaking, the <a href=\"https:\/\/nsk.hr\/en\/news\/revolutionising-access-to-knowledge-nsk-transitions-to-advanced-alma-library-services-platform-and-primo-ve-discovery-service\/\">Alma\/Primo VE digital library platform implementation project<\/a>, owing to which NSK\u2019s users now have unified access to print and digital material, as well so to electronic resources available both through subscription and in open access.<\/p>\n\n\n\n<h2 class=\"wp-block-heading\"><strong>Sharing experiences as a way <strong>to rise to future<\/strong> challenges<\/strong><\/h2>\n\n\n\n<p>Also discussed at the meeting was another of NSK\u2019s recent large projects, focusing on the <a href=\"https:\/\/nsk.hr\/en\/news\/incunabula-croatica-nsk-presents-its-monograph-spotlighting-croatias-earliest-printed-books\/\">research into Croatia\u2019s earliest printed books<\/a>, along with NSK\u2019s response to challenges brought about by the <a href=\"https:\/\/nsk.hr\/wp-content\/uploads\/2023\/11\/Glas-NSK-br.-17-2021.-god.pdf\">earthquake that hit Zagreb in 2020 and by the COVID-19 pandemic<\/a>. Greatly interested in the details of these NSK\u2019s experiences, our North Macedonian colleagues expressed readiness to draw on them in their library\u2019s practices.<\/p>\n\n\n\n<h2 class=\"wp-block-heading\"><\/h2>\n\n\n\n<figure class=\"wp-block-gallery has-nested-images columns-default is-cropped wp-block-gallery-2 is-layout-flex wp-block-gallery-is-layout-flex\">\n<figure class=\"wp-block-image size-large\"><img decoding=\"async\" width=\"1024\" height=\"581\" data-id=\"100531\" data-src=\"https:\/\/nsk.hr\/wp-content\/uploads\/2026\/03\/North-Macedonias-national-librarys-representatives-visit-NSK-3-1024x581.jpg\" alt=\"NSK Director General Dr Ivanka Stri\u010devi\u0107 and the Director of North Macedonia\u2019s National and University Library \u201cSt Clement of Ohrid\u201d Jovica Nik\u010devski.\" class=\"wp-image-100531 lazyload\" data-srcset=\"https:\/\/nsk.hr\/wp-content\/uploads\/2026\/03\/North-Macedonias-national-librarys-representatives-visit-NSK-3-1024x581.jpg 1024w, https:\/\/nsk.hr\/wp-content\/uploads\/2026\/03\/North-Macedonias-national-librarys-representatives-visit-NSK-3-300x170.jpg 300w, https:\/\/nsk.hr\/wp-content\/uploads\/2026\/03\/North-Macedonias-national-librarys-representatives-visit-NSK-3-768x436.jpg 768w, https:\/\/nsk.hr\/wp-content\/uploads\/2026\/03\/North-Macedonias-national-librarys-representatives-visit-NSK-3-1536x872.jpg 1536w, https:\/\/nsk.hr\/wp-content\/uploads\/2026\/03\/North-Macedonias-national-librarys-representatives-visit-NSK-3.jpg 1817w\" data-sizes=\"(max-width: 1024px) 100vw, 1024px\" src=\"data:image\/svg+xml;base64,PHN2ZyB3aWR0aD0iMSIgaGVpZ2h0PSIxIiB4bWxucz0iaHR0cDovL3d3dy53My5vcmcvMjAwMC9zdmciPjwvc3ZnPg==\" style=\"--smush-placeholder-width: 1024px; --smush-placeholder-aspect-ratio: 1024\/581;\" \/><\/figure>\n<figcaption class=\"blocks-gallery-caption wp-element-caption\">NSK Director General Dr Ivanka Stri\u010devi\u0107 and the Director of North Macedonia\u2019s National and University Library \u201cSt Clement of Ohrid\u201d Jovica Nik\u010devski.<\/figcaption><\/figure>\n\n\n\n<p>The visit\u2019s programme concluded with the exchange of gifts, not only as tokens of appreciation and friendship but as symbols of openness on the part of both libraries for maintaining close cooperation in the future.<\/p>\n\n\n\n<p>Photo: \u00a9 NSK<\/p>\n","protected":false},"excerpt":{"rendered":"<p>The delegation from North Macedonia\u2019s National and University Library \u201cSt Clement of Ohrid\u201d visited the National and University Library in Zagreb (NSK), opening opportunities&#8230;<\/p>\n","protected":false},"author":11,"featured_media":100520,"comment_status":"closed","ping_status":"open","sticky":false,"template":"","format":"standard","meta":{"_acf_changed":false,"ngg_post_thumbnail":0,"footnotes":""},"categories":[166],"tags":[668],"class_list":["post-100519","post","type-post","status-publish","format-standard","has-post-thumbnail","hentry","category-news","tag-international-cooperation"],"acf":[],"yoast_head":"<!-- This site is optimized with the Yoast SEO plugin v25.4 - https:\/\/yoast.com\/wordpress\/plugins\/seo\/ -->\n<title>North Macedonia\u2019s national library\u2019s delegation visits NSK - Nacionalna i sveu\u010dili\u0161na knji\u017enica u Zagrebu<\/title>\n<meta name=\"description\" content=\"North Macedonia\u2019s national library\u2019s delegation visited NSK, the National and University Library in Zagreb.\" \/>\n<meta name=\"robots\" content=\"index, follow, max-snippet:-1, max-image-preview:large, max-video-preview:-1\" \/>\n<link rel=\"canonical\" href=\"https:\/\/nsk.hr\/en\/news\/north-macedonias-national-librarys-delegation-visits-nsk\/\" \/>\n<meta property=\"og:locale\" content=\"en_US\" \/>\n<meta property=\"og:type\" content=\"article\" \/>\n<meta property=\"og:title\" content=\"North Macedonia\u2019s national library\u2019s delegation visits NSK - Nacionalna i sveu\u010dili\u0161na knji\u017enica u Zagrebu\" \/>\n<meta property=\"og:description\" content=\"North Macedonia\u2019s national library\u2019s delegation visited NSK, the National and University Library in Zagreb.\" \/>\n<meta property=\"og:url\" content=\"https:\/\/nsk.hr\/en\/news\/north-macedonias-national-librarys-delegation-visits-nsk\/\" \/>\n<meta property=\"og:site_name\" content=\"Nacionalna i sveu\u010dili\u0161na knji\u017enica u Zagrebu\" \/>\n<meta property=\"article:published_time\" content=\"2026-03-26T09:59:58+00:00\" \/>\n<meta property=\"article:modified_time\" content=\"2026-03-26T10:48:29+00:00\" \/>\n<meta property=\"og:image\" content=\"https:\/\/nsk.hr\/wp-content\/uploads\/2026\/03\/North-Macedonias-national-librarys-representatives-visit-NSK-2-scaled.jpg\" \/>\n\t<meta property=\"og:image:width\" content=\"1653\" \/>\n\t<meta property=\"og:image:height\" content=\"1240\" \/>\n\t<meta property=\"og:image:type\" content=\"image\/jpeg\" \/>\n<meta name=\"author\" content=\"dlasic\" \/>\n<meta name=\"twitter:card\" content=\"summary_large_image\" \/>\n<meta name=\"twitter:label1\" content=\"Written by\" \/>\n\t<meta name=\"twitter:data1\" content=\"dlasic\" \/>\n\t<meta name=\"twitter:label2\" content=\"Est. reading time\" \/>\n\t<meta name=\"twitter:data2\" content=\"2 minutes\" \/>\n<script type=\"application\/ld+json\" class=\"yoast-schema-graph\">{\"@context\":\"https:\/\/schema.org\",\"@graph\":[{\"@type\":\"WebPage\",\"@id\":\"https:\/\/nsk.hr\/en\/news\/north-macedonias-national-librarys-delegation-visits-nsk\/\",\"url\":\"https:\/\/nsk.hr\/en\/news\/north-macedonias-national-librarys-delegation-visits-nsk\/\",\"name\":\"North Macedonia\u2019s national library\u2019s delegation visits NSK - Nacionalna i sveu\u010dili\u0161na knji\u017enica u Zagrebu\",\"isPartOf\":{\"@id\":\"https:\/\/nsk.hr\/en\/#website\"},\"primaryImageOfPage\":{\"@id\":\"https:\/\/nsk.hr\/en\/news\/north-macedonias-national-librarys-delegation-visits-nsk\/#primaryimage\"},\"image\":{\"@id\":\"https:\/\/nsk.hr\/en\/news\/north-macedonias-national-librarys-delegation-visits-nsk\/#primaryimage\"},\"thumbnailUrl\":\"https:\/\/nsk.hr\/wp-content\/uploads\/2026\/03\/North-Macedonias-national-librarys-representatives-visit-NSK-2-scaled.jpg\",\"datePublished\":\"2026-03-26T09:59:58+00:00\",\"dateModified\":\"2026-03-26T10:48:29+00:00\",\"author\":{\"@id\":\"https:\/\/nsk.hr\/en\/#\/schema\/person\/ac622a1e175d155b5815b190a18ed8bd\"},\"description\":\"North Macedonia\u2019s national library\u2019s delegation visited NSK, the National and University Library in Zagreb.\",\"breadcrumb\":{\"@id\":\"https:\/\/nsk.hr\/en\/news\/north-macedonias-national-librarys-delegation-visits-nsk\/#breadcrumb\"},\"inLanguage\":\"en-US\",\"potentialAction\":[{\"@type\":\"ReadAction\",\"target\":[\"https:\/\/nsk.hr\/en\/news\/north-macedonias-national-librarys-delegation-visits-nsk\/\"]}]},{\"@type\":\"ImageObject\",\"inLanguage\":\"en-US\",\"@id\":\"https:\/\/nsk.hr\/en\/news\/north-macedonias-national-librarys-delegation-visits-nsk\/#primaryimage\",\"url\":\"https:\/\/nsk.hr\/wp-content\/uploads\/2026\/03\/North-Macedonias-national-librarys-representatives-visit-NSK-2-scaled.jpg\",\"contentUrl\":\"https:\/\/nsk.hr\/wp-content\/uploads\/2026\/03\/North-Macedonias-national-librarys-representatives-visit-NSK-2-scaled.jpg\",\"width\":1653,\"height\":1240,\"caption\":\"The Director of North Macedonia\u2019s National and University Library \u201cSt Clement of Ohrid\u201d Jovica Nik\u010devski an NSK Director General Dr Ivanka Stri\u010devi\u0107 (centre) with other North Macedonia\u2019s library\u2019s officials (from left to right) Magdica \u0160ambevska, Zorica Jakovleska Spirovska and Jovica Tasevski.\"},{\"@type\":\"BreadcrumbList\",\"@id\":\"https:\/\/nsk.hr\/en\/news\/north-macedonias-national-librarys-delegation-visits-nsk\/#breadcrumb\",\"itemListElement\":[{\"@type\":\"ListItem\",\"position\":1,\"name\":\"Homepage\",\"item\":\"https:\/\/nsk.hr\/en\/\"},{\"@type\":\"ListItem\",\"position\":2,\"name\":\"News\",\"item\":\"https:\/\/nsk.hr\/en\/news\/\"},{\"@type\":\"ListItem\",\"position\":3,\"name\":\"North Macedonia\u2019s national library\u2019s delegation visits NSK\"}]},{\"@type\":\"WebSite\",\"@id\":\"https:\/\/nsk.hr\/en\/#website\",\"url\":\"https:\/\/nsk.hr\/en\/\",\"name\":\"Nacionalna i sveu\u010dili\u0161na knji\u017enica u Zagrebu\",\"description\":\"\",\"potentialAction\":[{\"@type\":\"SearchAction\",\"target\":{\"@type\":\"EntryPoint\",\"urlTemplate\":\"https:\/\/nsk.hr\/en\/?s={search_term_string}\"},\"query-input\":{\"@type\":\"PropertyValueSpecification\",\"valueRequired\":true,\"valueName\":\"search_term_string\"}}],\"inLanguage\":\"en-US\"},{\"@type\":\"Person\",\"@id\":\"https:\/\/nsk.hr\/en\/#\/schema\/person\/ac622a1e175d155b5815b190a18ed8bd\",\"name\":\"dlasic\",\"url\":\"https:\/\/nsk.hr\/en\/author\/dlasic\/\"}]}<\/script>\n<!-- \/ Yoast SEO plugin. -->","yoast_head_json":{"title":"North Macedonia\u2019s national library\u2019s delegation visits NSK - Nacionalna i sveu\u010dili\u0161na knji\u017enica u Zagrebu","description":"North Macedonia\u2019s national library\u2019s delegation visited NSK, the National and University Library in Zagreb.","robots":{"index":"index","follow":"follow","max-snippet":"max-snippet:-1","max-image-preview":"max-image-preview:large","max-video-preview":"max-video-preview:-1"},"canonical":"https:\/\/nsk.hr\/en\/news\/north-macedonias-national-librarys-delegation-visits-nsk\/","og_locale":"en_US","og_type":"article","og_title":"North Macedonia\u2019s national library\u2019s delegation visits NSK - Nacionalna i sveu\u010dili\u0161na knji\u017enica u Zagrebu","og_description":"North Macedonia\u2019s national library\u2019s delegation visited NSK, the National and University Library in Zagreb.","og_url":"https:\/\/nsk.hr\/en\/news\/north-macedonias-national-librarys-delegation-visits-nsk\/","og_site_name":"Nacionalna i sveu\u010dili\u0161na knji\u017enica u Zagrebu","article_published_time":"2026-03-26T09:59:58+00:00","article_modified_time":"2026-03-26T10:48:29+00:00","og_image":[{"width":1653,"height":1240,"url":"https:\/\/nsk.hr\/wp-content\/uploads\/2026\/03\/North-Macedonias-national-librarys-representatives-visit-NSK-2-scaled.jpg","type":"image\/jpeg"}],"author":"dlasic","twitter_card":"summary_large_image","twitter_misc":{"Written by":"dlasic","Est. reading time":"2 minutes"},"schema":{"@context":"https:\/\/schema.org","@graph":[{"@type":"WebPage","@id":"https:\/\/nsk.hr\/en\/news\/north-macedonias-national-librarys-delegation-visits-nsk\/","url":"https:\/\/nsk.hr\/en\/news\/north-macedonias-national-librarys-delegation-visits-nsk\/","name":"North Macedonia\u2019s national library\u2019s delegation visits NSK - Nacionalna i sveu\u010dili\u0161na knji\u017enica u Zagrebu","isPartOf":{"@id":"https:\/\/nsk.hr\/en\/#website"},"primaryImageOfPage":{"@id":"https:\/\/nsk.hr\/en\/news\/north-macedonias-national-librarys-delegation-visits-nsk\/#primaryimage"},"image":{"@id":"https:\/\/nsk.hr\/en\/news\/north-macedonias-national-librarys-delegation-visits-nsk\/#primaryimage"},"thumbnailUrl":"https:\/\/nsk.hr\/wp-content\/uploads\/2026\/03\/North-Macedonias-national-librarys-representatives-visit-NSK-2-scaled.jpg","datePublished":"2026-03-26T09:59:58+00:00","dateModified":"2026-03-26T10:48:29+00:00","author":{"@id":"https:\/\/nsk.hr\/en\/#\/schema\/person\/ac622a1e175d155b5815b190a18ed8bd"},"description":"North Macedonia\u2019s national library\u2019s delegation visited NSK, the National and University Library in Zagreb.","breadcrumb":{"@id":"https:\/\/nsk.hr\/en\/news\/north-macedonias-national-librarys-delegation-visits-nsk\/#breadcrumb"},"inLanguage":"en-US","potentialAction":[{"@type":"ReadAction","target":["https:\/\/nsk.hr\/en\/news\/north-macedonias-national-librarys-delegation-visits-nsk\/"]}]},{"@type":"ImageObject","inLanguage":"en-US","@id":"https:\/\/nsk.hr\/en\/news\/north-macedonias-national-librarys-delegation-visits-nsk\/#primaryimage","url":"https:\/\/nsk.hr\/wp-content\/uploads\/2026\/03\/North-Macedonias-national-librarys-representatives-visit-NSK-2-scaled.jpg","contentUrl":"https:\/\/nsk.hr\/wp-content\/uploads\/2026\/03\/North-Macedonias-national-librarys-representatives-visit-NSK-2-scaled.jpg","width":1653,"height":1240,"caption":"The Director of North Macedonia\u2019s National and University Library \u201cSt Clement of Ohrid\u201d Jovica Nik\u010devski an NSK Director General Dr Ivanka Stri\u010devi\u0107 (centre) with other North Macedonia\u2019s library\u2019s officials (from left to right) Magdica \u0160ambevska, Zorica Jakovleska Spirovska and Jovica Tasevski."},{"@type":"BreadcrumbList","@id":"https:\/\/nsk.hr\/en\/news\/north-macedonias-national-librarys-delegation-visits-nsk\/#breadcrumb","itemListElement":[{"@type":"ListItem","position":1,"name":"Homepage","item":"https:\/\/nsk.hr\/en\/"},{"@type":"ListItem","position":2,"name":"News","item":"https:\/\/nsk.hr\/en\/news\/"},{"@type":"ListItem","position":3,"name":"North Macedonia\u2019s national library\u2019s delegation visits NSK"}]},{"@type":"WebSite","@id":"https:\/\/nsk.hr\/en\/#website","url":"https:\/\/nsk.hr\/en\/","name":"Nacionalna i sveu\u010dili\u0161na knji\u017enica u Zagrebu","description":"","potentialAction":[{"@type":"SearchAction","target":{"@type":"EntryPoint","urlTemplate":"https:\/\/nsk.hr\/en\/?s={search_term_string}"},"query-input":{"@type":"PropertyValueSpecification","valueRequired":true,"valueName":"search_term_string"}}],"inLanguage":"en-US"},{"@type":"Person","@id":"https:\/\/nsk.hr\/en\/#\/schema\/person\/ac622a1e175d155b5815b190a18ed8bd","name":"dlasic","url":"https:\/\/nsk.hr\/en\/author\/dlasic\/"}]}},"_links":{"self":[{"href":"https:\/\/nsk.hr\/en\/wp-json\/wp\/v2\/posts\/100519","targetHints":{"allow":["GET"]}}],"collection":[{"href":"https:\/\/nsk.hr\/en\/wp-json\/wp\/v2\/posts"}],"about":[{"href":"https:\/\/nsk.hr\/en\/wp-json\/wp\/v2\/types\/post"}],"author":[{"embeddable":true,"href":"https:\/\/nsk.hr\/en\/wp-json\/wp\/v2\/users\/11"}],"replies":[{"embeddable":true,"href":"https:\/\/nsk.hr\/en\/wp-json\/wp\/v2\/comments?post=100519"}],"version-history":[{"count":7,"href":"https:\/\/nsk.hr\/en\/wp-json\/wp\/v2\/posts\/100519\/revisions"}],"predecessor-version":[{"id":100535,"href":"https:\/\/nsk.hr\/en\/wp-json\/wp\/v2\/posts\/100519\/revisions\/100535"}],"wp:featuredmedia":[{"embeddable":true,"href":"https:\/\/nsk.hr\/en\/wp-json\/wp\/v2\/media\/100520"}],"wp:attachment":[{"href":"https:\/\/nsk.hr\/en\/wp-json\/wp\/v2\/media?parent=100519"}],"wp:term":[{"taxonomy":"category","embeddable":true,"href":"https:\/\/nsk.hr\/en\/wp-json\/wp\/v2\/categories?post=100519"},{"taxonomy":"post_tag","embeddable":true,"href":"https:\/\/nsk.hr\/en\/wp-json\/wp\/v2\/tags?post=100519"}],"curies":[{"name":"wp","href":"https:\/\/api.w.org\/{rel}","templated":true}]}}